{"id":313621,"date":"2021-12-03T23:07:07","date_gmt":"2021-12-04T03:07:07","guid":{"rendered":"http:\/\/diariodominicano.com\/?p=313621"},"modified":"2021-12-03T23:07:07","modified_gmt":"2021-12-04T03:07:07","slug":"venezuela-ratifica-compromiso-con-el-multilateralismo-y-cooperacion-interregional-en-foro-celac-china","status":"publish","type":"post","link":"https:\/\/diariodominicano.com\/?p=313621","title":{"rendered":"Venezuela ratifica compromiso con el multilateralismo y cooperaci\u00f3n interregional en foro CELAC-China"},"content":{"rendered":"\n<p>diariodominicano.com<a rel=\"noreferrer noopener\" href=\"https:\/\/www.xinhua-news.com\/gdsdetailxhs\/share\/10683906-?pageflag=iframe\" target=\"_blank\"><\/a><\/p>\n\n\n\n<pre id=\"text-news-description\" class=\"wp-block-preformatted\">   CARACAS, 3 dic (Xinhua) -- El canciller de Venezuela, F\u00e9lix Plasencia, ratific\u00f3 hoy el compromiso de su pa\u00eds con el multilateralismo y la cooperaci\u00f3n interregional, en la tercera reuni\u00f3n ministerial del Foro China-CELAC (Comunidad de Estados Latinoamericanos y Caribe\u00f1os).\n   \"Consolidemos, junto a la fraterna naci\u00f3n China, un bloque revitalizado, ejemplo de Cooperaci\u00f3n Sur-Sur\", public\u00f3 la cuenta en Twitter del ministro para las Relaciones Exteriores.\n   Asimismo, la naci\u00f3n suramericana manifest\u00f3 su postura con el multilateralismo y \"el consenso para enfrentar los retos actuales, como la pandemia y la recuperaci\u00f3n econ\u00f3mica\".\n   La III reuni\u00f3n ministerial del Foro China-CELAC est\u00e1 enfocada en inyectar un mayor dinamismo a la cooperaci\u00f3n entre China y los pa\u00edses de Am\u00e9rica Latina y el Caribe, aportando as\u00ed nuevas contribuciones tanto al bienestar de los pueblos como a la causa del progreso de la humanidad.\n   El evento coincide adem\u00e1s con el d\u00e9cimo aniversario de la fundaci\u00f3n del bloque latinoamericano y caribe\u00f1o, que fue instalada en Caracas los d\u00edas 2 y 3 de diciembre de 2011. <\/pre>\n","protected":false},"excerpt":{"rendered":"<p>diariodominicano.com CARACAS, 3 dic (Xinhua) &#8212; El canciller de Venezuela, F\u00e9lix Plasencia, ratific\u00f3 hoy el compromiso de su pa\u00eds con el multilateralismo y la cooperaci\u00f3n interregional, en la tercera reuni\u00f3n ministerial del Foro China-CELAC (Comunidad de Estados Latinoamericanos y Caribe\u00f1os). \u00abConsolidemos, junto a la fraterna naci\u00f3n China, un bloque revitalizado, ejemplo de Cooperaci\u00f3n Sur-Sur\u00bb, public\u00f3 [&hellip;]<\/p>\n","protected":false},"author":5,"featured_media":313625,"comment_status":"closed","ping_status":"","sticky":true,"template":"","format":"standard","meta":{"footnotes":""},"categories":[23,27],"tags":[],"class_list":["post-313621","post","type-post","status-publish","format-standard","has-post-thumbnail","hentry","category-internacional","category-portada"],"_links":{"self":[{"href":"https:\/\/diariodominicano.com\/index.php?rest_route=\/wp\/v2\/posts\/313621","targetHints":{"allow":["GET"]}}],"collection":[{"href":"https:\/\/diariodominicano.com\/index.php?rest_route=\/wp\/v2\/posts"}],"about":[{"href":"https:\/\/diariodominicano.com\/index.php?rest_route=\/wp\/v2\/types\/post"}],"author":[{"embeddable":true,"href":"https:\/\/diariodominicano.com\/index.php?rest_route=\/wp\/v2\/users\/5"}],"replies":[{"embeddable":true,"href":"https:\/\/diariodominicano.com\/index.php?rest_route=%2Fwp%2Fv2%2Fcomments&post=313621"}],"version-history":[{"count":1,"href":"https:\/\/diariodominicano.com\/index.php?rest_route=\/wp\/v2\/posts\/313621\/revisions"}],"predecessor-version":[{"id":313627,"href":"https:\/\/diariodominicano.com\/index.php?rest_route=\/wp\/v2\/posts\/313621\/revisions\/313627"}],"wp:featuredmedia":[{"embeddable":true,"href":"https:\/\/diariodominicano.com\/index.php?rest_route=\/wp\/v2\/media\/313625"}],"wp:attachment":[{"href":"https:\/\/diariodominicano.com\/index.php?rest_route=%2Fwp%2Fv2%2Fmedia&parent=313621"}],"wp:term":[{"taxonomy":"category","embeddable":true,"href":"https:\/\/diariodominicano.com\/index.php?rest_route=%2Fwp%2Fv2%2Fcategories&post=313621"},{"taxonomy":"post_tag","embeddable":true,"href":"https:\/\/diariodominicano.com\/index.php?rest_route=%2Fwp%2Fv2%2Ftags&post=313621"}],"curies":[{"name":"wp","href":"https:\/\/api.w.org\/{rel}","templated":true}]}}