{"id":313617,"date":"2021-12-03T22:56:04","date_gmt":"2021-12-04T02:56:04","guid":{"rendered":"http:\/\/diariodominicano.com\/?p=313617"},"modified":"2021-12-03T22:56:04","modified_gmt":"2021-12-04T02:56:04","slug":"gobierno-deja-en-funcionamiento-estrategia-integral-de-seguridad-ciudadana-en-santiago","status":"publish","type":"post","link":"https:\/\/diariodominicano.com\/?p=313617","title":{"rendered":"Gobierno deja en funcionamiento Estrategia Integral de Seguridad Ciudadana en Santiago"},"content":{"rendered":"\n<p>diariodominicano.com<\/p>\n\n\n\n<p>Santiago, R. D.,  3 de diciembre, 2021. \u2013 La vicepresidenta de la Rep\u00fablica, Raquel Pe\u00f1a, y el ministro de Interior y Polic\u00eda, Jes\u00fas V\u00e1squez Mart\u00ednez, dejaron en funcionamiento la Estrategia Integral de Seguridad Ciudadana \u00abMi pa\u00eds Seguro\u00bb en la ciudad de Santiago, la cual abarcar\u00e1 en esta primera etapa unos 10 sectores.<\/p>\n\n\n\n<p>Como parte de las acciones fueron incorporados 450 agentes policiales, 65 motocicletas y 32 camionetas para el patrullaje en las calles. Para casos especiales tendr\u00e1n el apoyo de 7 unidades t\u00e1cticas y 4 camiones c\u00e1rcel.<\/p>\n\n\n\n<p>Al pronunciar el discurso central del acto, el ministro Jes\u00fas V\u00e1squez revel\u00f3 que entre los sectores a intervenir est\u00e1n: Cienfuegos, Pueblo Nuevo, Nibaje, La Joya, Los Jardines, Baracoa, La Otra Banda, Los Pepines, ensanche Berm\u00fadez y el Centro Hist\u00f3rico, importante zona comercial de Santiago.<\/p>\n\n\n\n<p>\u201cHemos venido a Santiago con el prop\u00f3sito de unir esfuerzos y voluntades, para dejar atr\u00e1s los a\u00f1os de abandono a que hab\u00eda sido sometida esta din\u00e1mica y laboriosa poblaci\u00f3n, porque entendemos que es tiempo de que esa deuda social acumulada sea saldada, y hoy estamos aqu\u00ed, para dar ese primer paso con esta iniciativa\u201d, afirm\u00f3.<\/p>\n\n\n\n<p>Explic\u00f3 que para lograr los objetivos se necesita el concurso de todos los sectores representativos de Santiago, sus empresarios, industriales, los l\u00edderes comunitarios y de las iglesias, tanto la cat\u00f3lica como las evang\u00e9licas. Sin la participaci\u00f3n de la comunidad el esfuerzo de las autoridades se ver\u00eda limitado, pero expres\u00f3 su confianza en que el esp\u00edritu solidario que acompa\u00f1a este tiempo de Navidad facilitar\u00e1 la unidad.<\/p>\n\n\n\n<p>Record\u00f3 que el proyecto piloto Mi Pa\u00eds Seguro incluye la entrega de armas de manera voluntaria por parte de la poblaci\u00f3n y la identificaci\u00f3n de motocicletas, que son dos pilares de primer orden en esta Estrategia Integral de Seguridad Ciudadana, a lo cual se suman los programas de desarrollo y de bienestar social que implementa el Gobierno, con el prop\u00f3sito de disminuir los niveles de pobreza en un clima de paz y esperanza de un futuro mejor para todos.<\/p>\n\n\n\n<p><strong>Acciones Integrales<\/strong><\/p>\n\n\n\n<p>V\u00e1squez Mart\u00ednez se\u00f1al\u00f3 que entre las acciones integrales se incluye la formaci\u00f3n de j\u00f3venes y capacitaci\u00f3n t\u00e9cnica, lo que le permitir\u00e1 su inserci\u00f3n en el mercado laboral. Tambi\u00e9n asistencia con programas especiales a las mujeres y cursos de costura, as\u00ed como tambi\u00e9n actividades deportivas y culturales.<\/p>\n\n\n\n<p>Las palabras de bienvenida estuvieron a cargo del director de la Universidad Aut\u00f3noma de Santo Domingo (UASD), Jos\u00e9 Tav\u00e1rez Henr\u00edquez, quien destac\u00f3 la importancia del evento.<\/p>\n\n\n\n<p>El acto cont\u00f3 con la presencia de los viceministros de Interior y Polic\u00eda Jes\u00fas F\u00e9liz y \u00c1ngela J\u00e1quez; del director de la Polic\u00eda Nacional, mayor general Eduardo Alberto Then; el presidente del Senado, Eduardo Estrella; el ministro de Salud P\u00fablica, Daniel Rivera, y de la Mujer, Mayra Jim\u00e9nez; el presidente de la Direcci\u00f3n Nacional de Control de Drogas (DNCD); el vicealmirante Jos\u00e9 Cabrera Ulloa; la gobernadora de Santiago, Rosa Santos; el director ejecutivo del Instituto Nacional de Tr\u00e1nsito y Transporte Terrestre (INTRANT), Rafael Arias, y el director de Proindustria, Jos\u00e9 Ulises Rodr\u00edguez, entre otros funcionarios del Gobierno, representantes comunitarios y l\u00edderes religiosos.<\/p>\n\n\n\n<p>La actividad se desarroll\u00f3 en el auditorio de la UASD y cont\u00f3 con la bendici\u00f3n del obispo auxiliar Tom\u00e1s Morel.<\/p>\n\n\n\n<p>Fuente: Direcci\u00f3n de Estrategia y Comunicaci\u00f3n Gubernamental<\/p>\n\n\n\n<p>Ministerio Administrativo de la Presidencia de la Rep\u00fablica Dominicana<\/p>\n","protected":false},"excerpt":{"rendered":"<p>diariodominicano.com Santiago, R. D., 3 de diciembre, 2021. \u2013 La vicepresidenta de la Rep\u00fablica, Raquel Pe\u00f1a, y el ministro de Interior y Polic\u00eda, Jes\u00fas V\u00e1squez Mart\u00ednez, dejaron en funcionamiento la Estrategia Integral de Seguridad Ciudadana \u00abMi pa\u00eds Seguro\u00bb en la ciudad de Santiago, la cual abarcar\u00e1 en esta primera etapa unos 10 sectores. Como parte [&hellip;]<\/p>\n","protected":false},"author":5,"featured_media":313619,"comment_status":"closed","ping_status":"","sticky":true,"template":"","format":"standard","meta":{"footnotes":""},"categories":[20,27],"tags":[],"class_list":["post-313617","post","type-post","status-publish","format-standard","has-post-thumbnail","hentry","category-dominicana-hoy","category-portada"],"_links":{"self":[{"href":"https:\/\/diariodominicano.com\/index.php?rest_route=\/wp\/v2\/posts\/313617","targetHints":{"allow":["GET"]}}],"collection":[{"href":"https:\/\/diariodominicano.com\/index.php?rest_route=\/wp\/v2\/posts"}],"about":[{"href":"https:\/\/diariodominicano.com\/index.php?rest_route=\/wp\/v2\/types\/post"}],"author":[{"embeddable":true,"href":"https:\/\/diariodominicano.com\/index.php?rest_route=\/wp\/v2\/users\/5"}],"replies":[{"embeddable":true,"href":"https:\/\/diariodominicano.com\/index.php?rest_route=%2Fwp%2Fv2%2Fcomments&post=313617"}],"version-history":[{"count":1,"href":"https:\/\/diariodominicano.com\/index.php?rest_route=\/wp\/v2\/posts\/313617\/revisions"}],"predecessor-version":[{"id":313620,"href":"https:\/\/diariodominicano.com\/index.php?rest_route=\/wp\/v2\/posts\/313617\/revisions\/313620"}],"wp:featuredmedia":[{"embeddable":true,"href":"https:\/\/diariodominicano.com\/index.php?rest_route=\/wp\/v2\/media\/313619"}],"wp:attachment":[{"href":"https:\/\/diariodominicano.com\/index.php?rest_route=%2Fwp%2Fv2%2Fmedia&parent=313617"}],"wp:term":[{"taxonomy":"category","embeddable":true,"href":"https:\/\/diariodominicano.com\/index.php?rest_route=%2Fwp%2Fv2%2Fcategories&post=313617"},{"taxonomy":"post_tag","embeddable":true,"href":"https:\/\/diariodominicano.com\/index.php?rest_route=%2Fwp%2Fv2%2Ftags&post=313617"}],"curies":[{"name":"wp","href":"https:\/\/api.w.org\/{rel}","templated":true}]}}