{"id":313605,"date":"2021-12-03T22:45:29","date_gmt":"2021-12-04T02:45:29","guid":{"rendered":"http:\/\/diariodominicano.com\/?p=313605"},"modified":"2021-12-03T22:45:29","modified_gmt":"2021-12-04T02:45:29","slug":"aeropuertos-de-ecuador-refuerzan-controles-sanitarios-ante-amenaza-de-variante-omicron","status":"publish","type":"post","link":"https:\/\/diariodominicano.com\/?p=313605","title":{"rendered":"Aeropuertos de Ecuador refuerzan controles sanitarios ante amenaza de variante \u00f3micron"},"content":{"rendered":"\n<h3 class=\"wp-block-heading\">diariodominicano.com<a rel=\"noreferrer noopener\" href=\"https:\/\/www.xinhua-news.com\/gdsdetailxhs\/share\/10683927-?pageflag=iframe\" target=\"_blank\"><\/a><\/h3>\n\n\n\n<pre id=\"text-news-description\" class=\"wp-block-preformatted\">   QUITO, 3 dic (Xinhua) -- Los principales aeropuertos de Ecuador reforzaron los controles sanitarios y verifican el cumplimiento de nuevos requisitos exigidos a los viajeros para el ingreso al pa\u00eds ante la amenaza de la variante \u00f3micron de la COVID-19.\n   Los requisitos, que son obligatorios desde el 1 de diciembre, son la presentaci\u00f3n del certificado de vacunaci\u00f3n completo al ingresar a Ecuador y una prueba PCR negativa tomada al menos 72 horas antes del viaje, adem\u00e1s de la Declaraci\u00f3n de Salud del Viajero (DSV).\n   En el aeropuerto internacional \"Mariscal Sucre\" de Quito, la capital del pa\u00eds, se ejecutan los controles siguiendo los lineamientos aprobados por el Comit\u00e9 Nacional de Operaciones de Emergencia (COE), que maneja la crisis sanitaria en el pa\u00eds.\n   Aunque en Ecuador todav\u00eda no se ha registrado la presencia de la variante \u00f3micron, el Gobierno decidi\u00f3 esta semana prohibir el ingreso de viajeros procedentes de ocho pa\u00edses africanos: Botsuana, Egipto, Mozambique, Lesoto, Zimbabue, Esuatini, Namibia y Sud\u00e1frica, donde se identific\u00f3 la variante.\n   Esta disposici\u00f3n rige a pesar de que la naci\u00f3n andina no tiene vuelos directos con pa\u00edses africanos, pero las aerol\u00edneas KLM, Iberia, Air Europa son usadas por viajeros que vienen de otros continentes para realizar conexiones y entrar a Ecuador.\n   Brigadas del Ministerio de Salud P\u00fablica garantizan los controles a los pasajeros residentes y extranjeros que ingresen a Ecuador.\n   En el aeropuerto de Quito est\u00e1n activadas brigadas rotativas para realizar las acciones de control de documentos sanitarios, seg\u00fan coment\u00f3 a Xinhua el coordinador m\u00e9dico de brigadas Enrique Jaramillo.\n   \"Estamos acatando los nuevos lineamientos que est\u00e1n vigentes desde el 1 de diciembre. Las brigadas est\u00e1n ubicadas en el arribo internacional y en la zona de despacho de pasajeros hacia (las islas) Gal\u00e1pagos. Esos controles son bien vistos por la mayor\u00eda de los pasajeros\", indic\u00f3.\n   El funcionario sanitario consider\u00f3 oportuno estas medidas ya que la pandemia de la COVID-19 contin\u00faa y la aparici\u00f3n de nuevas variantes pone en alerta al mundo, por lo que inst\u00f3 a mantener el autocuidado. <\/pre>\n","protected":false},"excerpt":{"rendered":"<p>diariodominicano.com QUITO, 3 dic (Xinhua) &#8212; Los principales aeropuertos de Ecuador reforzaron los controles sanitarios y verifican el cumplimiento de nuevos requisitos exigidos a los viajeros para el ingreso al pa\u00eds ante la amenaza de la variante \u00f3micron de la COVID-19. Los requisitos, que son obligatorios desde el 1 de diciembre, son la presentaci\u00f3n del [&hellip;]<\/p>\n","protected":false},"author":5,"featured_media":313615,"comment_status":"closed","ping_status":"","sticky":true,"template":"","format":"standard","meta":{"footnotes":""},"categories":[23,27],"tags":[],"class_list":["post-313605","post","type-post","status-publish","format-standard","has-post-thumbnail","hentry","category-internacional","category-portada"],"_links":{"self":[{"href":"https:\/\/diariodominicano.com\/index.php?rest_route=\/wp\/v2\/posts\/313605","targetHints":{"allow":["GET"]}}],"collection":[{"href":"https:\/\/diariodominicano.com\/index.php?rest_route=\/wp\/v2\/posts"}],"about":[{"href":"https:\/\/diariodominicano.com\/index.php?rest_route=\/wp\/v2\/types\/post"}],"author":[{"embeddable":true,"href":"https:\/\/diariodominicano.com\/index.php?rest_route=\/wp\/v2\/users\/5"}],"replies":[{"embeddable":true,"href":"https:\/\/diariodominicano.com\/index.php?rest_route=%2Fwp%2Fv2%2Fcomments&post=313605"}],"version-history":[{"count":1,"href":"https:\/\/diariodominicano.com\/index.php?rest_route=\/wp\/v2\/posts\/313605\/revisions"}],"predecessor-version":[{"id":313616,"href":"https:\/\/diariodominicano.com\/index.php?rest_route=\/wp\/v2\/posts\/313605\/revisions\/313616"}],"wp:featuredmedia":[{"embeddable":true,"href":"https:\/\/diariodominicano.com\/index.php?rest_route=\/wp\/v2\/media\/313615"}],"wp:attachment":[{"href":"https:\/\/diariodominicano.com\/index.php?rest_route=%2Fwp%2Fv2%2Fmedia&parent=313605"}],"wp:term":[{"taxonomy":"category","embeddable":true,"href":"https:\/\/diariodominicano.com\/index.php?rest_route=%2Fwp%2Fv2%2Fcategories&post=313605"},{"taxonomy":"post_tag","embeddable":true,"href":"https:\/\/diariodominicano.com\/index.php?rest_route=%2Fwp%2Fv2%2Ftags&post=313605"}],"curies":[{"name":"wp","href":"https:\/\/api.w.org\/{rel}","templated":true}]}}