{"id":313582,"date":"2021-12-03T22:24:08","date_gmt":"2021-12-04T02:24:08","guid":{"rendered":"http:\/\/diariodominicano.com\/?p=313582"},"modified":"2021-12-03T22:24:08","modified_gmt":"2021-12-04T02:24:08","slug":"gobierno-renueva-por-10-anos-plan-de-manejo-de-cuenca-del-rio-yaque-del-sur","status":"publish","type":"post","link":"https:\/\/diariodominicano.com\/?p=313582","title":{"rendered":"Gobierno renueva por 10 a\u00f1os plan de manejo de cuenca del r\u00edo Yaque del Sur"},"content":{"rendered":"\n<p>diariodominicano.com<\/p>\n\n\n\n<p>Padre Las Casas, Azua, 3 de diciembre, 2021.- El Gobierno renov\u00f3 por diez a\u00f1os el plan de manejo de la cuenca del r\u00edo Yaque del Sur con la Fundaci\u00f3n Sur Futuro, trav\u00e9s de un plan que incluye trabajo con las comunidades, reforestaci\u00f3n, restauraci\u00f3n ecol\u00f3gica, programas de agroforester\u00eda y la lucha contra el cambio clim\u00e1tico.<\/p>\n\n\n\n<p>La medida forma parte del decreto presidencial 692-21, al cual se suma un acuerdo que firm\u00f3 el Gobierno con la Fundaci\u00f3n Sur Futuro, durante un acto encabezado por el presidente Luis Abinader.<\/p>\n\n\n\n<p>En el acuerdo, firmado por el ministro de Medio Ambiente y Recursos Naturales, Orlando Jorge Mera, y la presidenta de Sur Futuro, Melba Segura de Grull\u00f3n, ambas partes se comprometen a aunar esfuerzos en la ejecuci\u00f3n del Plan Maestro Actualizado para el Manejo de las Cuencas Altas de la Presa de Sabana Yegua.<\/p>\n\n\n\n<p>Durante el acto, el presidente Abinader destac\u00f3 que las medidas impulsadas por el Gobierno procuran proteger las zonas altas que alimentan las presas de Sabana Yegua, Sabaneta, y pr\u00f3ximamente Monte Grande, para tambi\u00e9n mejorar la provisi\u00f3n de agua.<\/p>\n\n\n\n<p>El gobernante manifest\u00f3 que Sur Futuro lleva a\u00f1os trabajando y ajustando su accionar a las situaciones nuevas que van surgiendo. Tiene una amplia experiencia en manejo de cuencas y manejo sostenible de tierras y pr\u00e1cticas de adaptaci\u00f3n al cambio clim\u00e1tico.&nbsp;<\/p>\n\n\n\n<p>\u201cHa ejecutado una serie de proyectos que han probado ser efectivos en la gesti\u00f3n de los recursos naturales, priorizando y organizando a la gente como elemento de cambio y ahora es tiempo de reproducirla a escala para ampliar el impacto\u201d, precis\u00f3.&nbsp;<\/p>\n\n\n\n<p>Resalt\u00f3 su estrategia de alianza p\u00fablico-privada, lo que se adecua para desarrollar el programa anunciado, a trav\u00e9s de acciones transformadoras, innovadoras y sostenibles con enfoque de cuenca y adaptaci\u00f3n al cambio clim\u00e1tico y la participaci\u00f3n equitativa de hombres, mujeres y j\u00f3venes.<\/p>\n\n\n\n<p>Abinader consider\u00f3 que la implementaci\u00f3n de un nuevo modelo para el desarrollo social y ambiental del valle de San Juan y sus cuencas de influencia requiere de experiencia y capacidad de concertaci\u00f3n intersectorial, como uno de los pilares para una alianza p\u00fablico-privada de largo alcance, incluyendo a las organizaciones comunitarias desde el principio.<\/p>\n\n\n\n<p>Describi\u00f3 entre las acciones futuras a desarrollar en este nuevo proyecto el establecimiento del foro de di\u00e1logo regional para el futuro sostenible y sus estructuras locales.<\/p>\n\n\n\n<p>Adem\u00e1s, un programa de sustituci\u00f3n de cultivos anuales por frutales, agroforestales y vegetales en invernaderos, as\u00ed como la sustituci\u00f3n de cultivos de alta demanda de agua (como el arroz), por otros menos demandantes.<\/p>\n\n\n\n<p>Tambi\u00e9n se realizar\u00e1 la construcci\u00f3n de pozos e instalaci\u00f3n de bombas solares, igual que se impulsar\u00e1 el paso del riego por inundaci\u00f3n a trav\u00e9s de canales y canaletas a un sistema de riego por goteo y microaspersi\u00f3n. Tambi\u00e9n se construir\u00e1n miniembalses, reservorios y sistemas de riego.<\/p>\n\n\n\n<p>En adici\u00f3n a todo esto, expres\u00f3 el jefe de Estado, se desarrollar\u00e1 la construcci\u00f3n de escuelas sostenibles adaptadas al entorno comunitario y se desarrollar\u00e1 un entorno de empresas de transformaci\u00f3n como procesadoras agroindustriales de frutas y vegetales para agregar valor.<\/p>\n\n\n\n<p><strong>Deforestaci\u00f3n y pobreza<\/strong><\/p>\n\n\n\n<p>El presidente Abinader record\u00f3 que el Valle de San Juan y las zonas altas que lo rodean han sido afectados en los \u00faltimos siete a\u00f1os por una fuerte sequ\u00eda, atribuida a los efectos del cambio clim\u00e1tico.<\/p>\n\n\n\n<p>Estas consecuencias, dijo, son el mayor reto al que se enfrenta la sociedad, por lo que no solo hay que combatirlo para frenarlo, sino tambi\u00e9n ser proactivos y realizar actuaciones que ayuden a mitigarlo y adaptar el entorno.<\/p>\n\n\n\n<p>\u201cEn estos casos es importante tener como aliado al bosque como un reservorio natural, pero las cuencas altas del r\u00edo Yaque del Sur y la de sus afluentes San Juan, Los Baos y Mijo enfrentan un fuerte proceso de deforestaci\u00f3n y erosi\u00f3n de sus suelos\u201d, indic\u00f3 el mandatario.<\/p>\n\n\n\n<p>La situaci\u00f3n, revel\u00f3, impacta sobremanera a la poblaci\u00f3n del Valle y la parte alta por tener un gran porcentaje de pobreza, estimado en un 63%, lo que representa 22.6 puntos (56%) por encima del promedio nacional.<\/p>\n\n\n\n<p>Sostuvo que, de la gesti\u00f3n de los recursos naturales de esta zona, dependen m\u00e1s de un mill\u00f3n y medio de personas que viven en la parte baja de la cuenca.<\/p>\n\n\n\n<p>Advirti\u00f3 que el marcado nivel de dependencia de los recursos naturales para el sustento de la poblaci\u00f3n de los municipios afectados, expone a los habitantes a situaciones de vulnerabilidad ante la ocurrencia de fen\u00f3menos naturales y amenazas.<\/p>\n\n\n\n<p>Se\u00f1al\u00f3, adem\u00e1s, que, a mayor pobreza y dependencia de los recursos naturales como medio de vida, mayor es la vulnerabilidad a la que se expone la poblaci\u00f3n.<\/p>\n\n\n\n<p><strong>Recuperaci\u00f3n ecol\u00f3gica<\/strong><\/p>\n\n\n\n<p>El jefe de Estado plante\u00f3 que es necesario trabajar en el dialogo social, en la recuperaci\u00f3n ecol\u00f3gica de zonas de monta\u00f1a con bosques productivos, de protecci\u00f3n y de aprovechamiento para mejorar los ingresos y la retenci\u00f3n de agua en la cuenca alta de los r\u00edos.<\/p>\n\n\n\n<p>Asimismo, en la promoci\u00f3n de un modelo de desarrollo ambiental y social para el Valle de San Juan con agricultura y ganader\u00eda sostenible adaptada al cambio clim\u00e1tico, un fomento de iniciativas microempresariales y un programa de incremento de retenci\u00f3n, almacenamiento y recarga de acu\u00edferos.<\/p>\n\n\n\n<p>\u201cTodas estas l\u00edneas de actuaci\u00f3n van en la l\u00ednea necesaria para crear un modelo de desarrollo social y ambiental que impacte positivamente en la vida de la gente y en el entorno\u201d, puntualiz\u00f3.<\/p>\n\n\n\n<p><strong>Aportes Sur Futuro<\/strong><\/p>\n\n\n\n<p>El presidente Abinader expuso que la Fundaci\u00f3n Sur Futuro inicia sus trabajos en el municipio de Padre Las Casas y participa en la elaboraci\u00f3n del Plan Maestro para el Manejo de las Cuencas Altas de la Presa de Sabana Yegua. Sus actividades, a\u00f1adi\u00f3, son todo un \u00e9xito y de ellas podemos destacar el manejo forestal y los programas agroforestales para mejorar el medio ambiente y la producci\u00f3n de agua.<\/p>\n\n\n\n<p>De su lado, el ministro de Medio Ambiente destac\u00f3 que la visita del presidente Abinader para conocer de primera mano esta ejecutoria, es un espaldarazo que da fe del inter\u00e9s de su Gobierno por garantizar al pa\u00eds un recurso tan vital como el agua, en una de las cuencas m\u00e1s importantes, declarada como prioritaria por el Ministerio de Medio Ambiente y Recursos Naturales, para fines de restauraci\u00f3n y manejo integral.<\/p>\n\n\n\n<p>Record\u00f3 que recientemente el Ministerio de Medio Ambiente emiti\u00f3 una resoluci\u00f3n con la que declar\u00f3 \u00c1rea Protegida Privada con la categor\u00eda \u201c\u00c1rea de Conservaci\u00f3n para Manejo Sostenible\u201d a la Reserva Sur Futuro de Siembra de Agua.<\/p>\n\n\n\n<p>En tanto, la presidenta de Sur Futuro agradeci\u00f3 el apoyo que el gobierno ha brindado a la Fundaci\u00f3n en la ejecuci\u00f3n de estos proyectos.<\/p>\n\n\n\n<p>\u00abRatificamos ante ustedes nuestra voluntad de servicio al pueblo y pondremos a su disposici\u00f3n esos modelos de trabajo con la gente, y ambientalmente sostenibles, que hemos desarrollado en estas dos d\u00e9cadas\u00bb, expres\u00f3 Segura de Grull\u00f3n.<\/p>\n\n\n\n<p>Asimismo, el viceministro de Agricultura, Eulalio Ram\u00edrez, anunci\u00f3 un acuerdo entre el Ministerio de Agricultura y Sur Futuro para desarrollar la caficultura y la fruticultura para la producci\u00f3n de 3,200,000 plantas de aguacate, coco, caf\u00e9, mango, lim\u00f3n para ejecutarse en dos a\u00f1os, con una inversi\u00f3n de 219 millones de pesos.<\/p>\n\n\n\n<p>El obispo em\u00e9rito de San Juan de la Maguana, Monse\u00f1or Jos\u00e9 Dolores Grull\u00f3n Estrella, bendijo el acto.<\/p>\n\n\n\n<p>Jesuita M\u00e9ndez, Juan Bautista Rosario M\u00e9ndez y Wander Melaneo Orozco Lebr\u00f3n compartieron testimonios de c\u00f3mo los invernaderos y los programas de la Fundaci\u00f3n han cambiado sus vidas, al tiempo que expresaron gran alegr\u00eda por la presencia del mandatario.&nbsp;<\/p>\n\n\n\n<p>Al concluir el acto, el presidente Abinader recorri\u00f3 el vivero de la Fundaci\u00f3n Sur Futuro, donde reproducen las plantas de pino criollo y caf\u00e9, entre otras especies. Tambi\u00e9n visit\u00f3 la Ludoteca Amaury Germ\u00e1n Aristy, as\u00ed como el polideportivo comunitario gestionado y construido en terrenos donados por Sur Futuro.<\/p>\n\n\n\n<p>Adem\u00e1s, visit\u00f3 la escuela T\u00e9cnico Laboral, Centro Operativo del Sistema (COS) del INFOTEP, en la cual se imparten cursos de formaci\u00f3n t\u00e9cnico profesional enfocados a la educaci\u00f3n laboral.<\/p>\n\n\n\n<p>Asistieron al acto, la senadora de Azua, L\u00eda D\u00edaz; el alcalde de Padre las Casas, Wilmore Morel; el de Bohech\u00edo, Luis Emilio de Le\u00f3n, y el de Guayabal, Juan Fernando Men\u00e9ndez. Estuvo all\u00ed el reconocido ingeniero sanitario Julio Suero Marranzini.<\/p>\n\n\n\n<p>Fuente: Direcci\u00f3n de Estrategia y Comunicaci\u00f3n Gubernamental<\/p>\n\n\n\n<p>Ministerio Administrativo de la Presidencia de la Rep\u00fablica Dominicana<\/p>\n","protected":false},"excerpt":{"rendered":"<p>diariodominicano.com Padre Las Casas, Azua, 3 de diciembre, 2021.- El Gobierno renov\u00f3 por diez a\u00f1os el plan de manejo de la cuenca del r\u00edo Yaque del Sur con la Fundaci\u00f3n Sur Futuro, trav\u00e9s de un plan que incluye trabajo con las comunidades, reforestaci\u00f3n, restauraci\u00f3n ecol\u00f3gica, programas de agroforester\u00eda y la lucha contra el cambio clim\u00e1tico. [&hellip;]<\/p>\n","protected":false},"author":5,"featured_media":313592,"comment_status":"closed","ping_status":"","sticky":true,"template":"","format":"standard","meta":{"footnotes":""},"categories":[20,27],"tags":[],"class_list":["post-313582","post","type-post","status-publish","format-standard","has-post-thumbnail","hentry","category-dominicana-hoy","category-portada"],"_links":{"self":[{"href":"https:\/\/diariodominicano.com\/index.php?rest_route=\/wp\/v2\/posts\/313582","targetHints":{"allow":["GET"]}}],"collection":[{"href":"https:\/\/diariodominicano.com\/index.php?rest_route=\/wp\/v2\/posts"}],"about":[{"href":"https:\/\/diariodominicano.com\/index.php?rest_route=\/wp\/v2\/types\/post"}],"author":[{"embeddable":true,"href":"https:\/\/diariodominicano.com\/index.php?rest_route=\/wp\/v2\/users\/5"}],"replies":[{"embeddable":true,"href":"https:\/\/diariodominicano.com\/index.php?rest_route=%2Fwp%2Fv2%2Fcomments&post=313582"}],"version-history":[{"count":1,"href":"https:\/\/diariodominicano.com\/index.php?rest_route=\/wp\/v2\/posts\/313582\/revisions"}],"predecessor-version":[{"id":313593,"href":"https:\/\/diariodominicano.com\/index.php?rest_route=\/wp\/v2\/posts\/313582\/revisions\/313593"}],"wp:featuredmedia":[{"embeddable":true,"href":"https:\/\/diariodominicano.com\/index.php?rest_route=\/wp\/v2\/media\/313592"}],"wp:attachment":[{"href":"https:\/\/diariodominicano.com\/index.php?rest_route=%2Fwp%2Fv2%2Fmedia&parent=313582"}],"wp:term":[{"taxonomy":"category","embeddable":true,"href":"https:\/\/diariodominicano.com\/index.php?rest_route=%2Fwp%2Fv2%2Fcategories&post=313582"},{"taxonomy":"post_tag","embeddable":true,"href":"https:\/\/diariodominicano.com\/index.php?rest_route=%2Fwp%2Fv2%2Ftags&post=313582"}],"curies":[{"name":"wp","href":"https:\/\/api.w.org\/{rel}","templated":true}]}}