{"id":313568,"date":"2021-12-03T22:19:13","date_gmt":"2021-12-04T02:19:13","guid":{"rendered":"http:\/\/diariodominicano.com\/?p=313568"},"modified":"2021-12-03T22:19:13","modified_gmt":"2021-12-04T02:19:13","slug":"el-covid-19-pone-al-descubierto-barreras-que-enfrentan-los-mil-millones-de-personas-que-tienen-alguna-discapacidad","status":"publish","type":"post","link":"https:\/\/diariodominicano.com\/?p=313568","title":{"rendered":"El COVID-19 pone al descubierto barreras que enfrentan los mil millones de personas que tienen alguna discapacidad"},"content":{"rendered":"\n<p>diariodominicano.com<\/p>\n\n\n\n<p>New York, 3 de diciembre, 2021 (.-  Una de cada cinco mujeres tiene probabilidades de tener una discapacidad a lo largo de su vida, en el caso de los ni\u00f1os es uno de cada diez. Ant\u00f3nio Guterres se\u00f1ala que estas personas se encuentran entre las m\u00e1s afectadas por la pandemia y pide a los gobiernos que las incluyan en los planes de respuesta y restauraci\u00f3n de la pandemia.<\/p>\n\n\n\n<p>Con motivo del&nbsp;<a href=\"https:\/\/www.un.org\/es\/observances\/day-of-persons-with-disabilities\">D\u00eda Internacional de las Personas con Discapacidad<\/a>, el&nbsp;<a href=\"https:\/\/www.un.org\/sg\/es\">Secretario General<\/a>&nbsp;de la ONU destaca que el \u201c<a href=\"https:\/\/news.un.org\/es\/events\/cobertura-especial-de-noticias-onu-sobre-el-coronavirus\">COVID-19<\/a>&nbsp;ha dejado al descubierto las persistentes barreras y desigualdades a las que se enfrentan los&nbsp;<strong>mil millones de personas con discapacidad<\/strong>&nbsp;del mundo\u201d.<\/p>\n\n\n\n<p>Seg\u00fan Guterres, una respuesta inclusiva a la pandemia \u201cdebe estar guiada por las propias personas con discapacidad\u201d.<\/p>\n\n\n\n<p>Asimismo, debe \u201cforjar alianzas, abordar la injusticia y la discriminaci\u00f3n, ampliar el acceso a la tecnolog\u00eda y fortalecer las instituciones a fin de crear un mundo pos-COVID-19 m\u00e1s inclusivo, accesible y sostenible\u201d.<\/p>\n\n\n\n<h2 class=\"wp-block-heading\">Derechos Humanos<\/h2>\n\n\n\n<p><strong>Alrededor del 80% de las personas con discapacidad viven en pa\u00edses en desarrollo<\/strong>. Se calcula que<strong>&nbsp;el 46% son personas mayores de 60 a\u00f1os,&nbsp;<\/strong>advierte la ONU.<\/p>\n\n\n\n<p>Una de cada cinco mujeres tiene probabilidades de tener una discapacidad durante su vida, mientras que en el caso de los ni\u00f1os es de uno de cada diez.<\/p>\n\n\n\n<p>Para responder a las necesidades de estas personas, el Secretario inst\u00f3 a todos los pa\u00edses a que apliquen plenamente la&nbsp;<a href=\"https:\/\/www.un.org\/disabilities\/documents\/convention\/convoptprot-s.pdf\">Convenci\u00f3n sobre los Derechos de las Personas con Discapacidad<\/a>.<\/p>\n\n\n\n<p>Los gobiernos, agreg\u00f3, deben trabajar para ofrecer mayor accesibilidad y eliminar \u201clas barreras jur\u00eddicas, sociales, econ\u00f3micas\u201d.<\/p>\n\n\n\n<p>\u00bb&nbsp;<strong>Haciendo efectivos los derechos, la capacidad de actuar y el liderazgo de las personas con discapacidad podremos promover nuestro futuro com\u00fan<\/strong>\u00ab, argument\u00f3. \u00bb Necesitamos que todas las personas est\u00e9n incluidas en el proyecto de alcanzar los&nbsp;<a href=\"https:\/\/news.un.org\/es\/news\/topic\/sdgs\">Objetivos de Desarrollo Sostenible<\/a>\u00ab.<\/p>\n\n\n\n<p>Guterres concluy\u00f3 diciendo que las personas con discapacidad y las organizaciones que las representan trabajan en todo el mundo para hacer realidad una demanda clave: \u00abNada sobre nosotros sin nosotros\u00bb.\u202f<\/p>\n\n\n\n<h2 class=\"wp-block-heading\">El mundo digital<\/h2>\n\n\n\n<p>La directora general de la&nbsp;<a href=\"https:\/\/es.unesco.org\/\">Organizaci\u00f3n de las Naciones Unidas para la Educaci\u00f3n, la Ciencia y la Cultura<\/a>&nbsp;(UNESCO) se refiri\u00f3 igualmente a la pandemia en su&nbsp;<a href=\"https:\/\/www.un.org\/es\/observances\/day-of-persons-with-disabilities\/message\">mensaje<\/a>.<\/p>\n\n\n\n<p>\u201cAl trasladar una parte de nuestra vida a internet, los confinamientos tambi\u00e9n han puesto de manifiesto otra serie de desigualdades que afectan a las personas con discapacidad: las relacionadas con la tecnolog\u00eda y el mundo digital, \u00bb puntualiz\u00f3 Audrey Azoulay.&nbsp;<\/p>\n\n\n\n<p>A\u00f1adi\u00f3 que el 68% de los pa\u00edses cuenta con una definici\u00f3n de educaci\u00f3n inclusiva y s\u00f3lo el 57% de esas definiciones abarcan m\u00faltiples grupos marginados, seg\u00fan el Seguimiento de la Educaci\u00f3n en el Mundo de 2020.<\/p>\n\n\n\n<p>Finalmente, indic\u00f3 que estos son algunos de los temas que se tratar\u00e1n en la pr\u00f3xima Cumbre Mundial sobre la Discapacidad, que, con el respaldo de la ONU, coordinan conjuntamente Ghana y Noruega en febrero.<\/p>\n\n\n\n<figure class=\"wp-block-image size-full\"><img loading=\"lazy\" decoding=\"async\" width=\"1024\" height=\"682\" src=\"https:\/\/diariodominicano.com\/wp-content\/uploads\/2021\/12\/Indonesia-Unicef3-12-21.jpg\" alt=\"\" class=\"wp-image-313575\" srcset=\"https:\/\/diariodominicano.com\/wp-content\/uploads\/2021\/12\/Indonesia-Unicef3-12-21.jpg 1024w, https:\/\/diariodominicano.com\/wp-content\/uploads\/2021\/12\/Indonesia-Unicef3-12-21-300x200.jpg 300w, https:\/\/diariodominicano.com\/wp-content\/uploads\/2021\/12\/Indonesia-Unicef3-12-21-768x512.jpg 768w, https:\/\/diariodominicano.com\/wp-content\/uploads\/2021\/12\/Indonesia-Unicef3-12-21-816x543.jpg 816w\" sizes=\"auto, (max-width: 1024px) 100vw, 1024px\" \/><figcaption>UNICEF\/Fauzan Ijazah<br>Un ni\u00f1o (izquierda) con una deficiencia f\u00edsica, se sienta al lado de su mejor amigo que tiene una discapacidad visual, en Banyumas, Java Central, Indonesia.<\/figcaption><\/figure>\n\n\n\n<h2 class=\"wp-block-heading\">Eventos<\/h2>\n\n\n\n<p>En todo el mundo, se llevan a cabo varios actos para conmemorar el D\u00eda.<\/p>\n\n\n\n<p>En Dub\u00e1i, la ONU ha organizado el acto \u00abConfigurar un futuro inclusivo para todos: Liderar con determinaci\u00f3n\u00bb, en la Exposici\u00f3n Universal de esa ciudad.<\/p>\n\n\n\n<p>Por su parte, el viernes, el Departamento de Asuntos Econ\u00f3micos y Sociales de la ONU (DAES), la&nbsp;<a href=\"http:\/\/www.wipo.int\/portal\/es\/index.html\">Organizaci\u00f3n Mundial de la Propiedad Intelectual<\/a>&nbsp;(OMPI) y la Uni\u00f3n Internacional de Telecomunicaciones (UIT) se re\u00fanen para debatir el tema \u00abReducir las desigualdades a trav\u00e9s de las tecnolog\u00edas: Una perspectiva sobre el desarrollo inclusivo de la discapacidad\u00bb.&nbsp;<\/p>\n\n\n\n<p>La Oficina de la&nbsp;<a href=\"https:\/\/www.un.org\/development\/desa\/disabilities\/resources\/special-envoy-of-the-secretary-general-on-disability-and-accessibility.html#:~:text=Appointed%20as%20the%20Secretary%2DGeneral%27s,at%20regional%20and%20global%20levels.\">Enviada Especial del Secretario General de la ONU para la Discapacidad y la Accesibilidad<\/a>, en colaboraci\u00f3n con la Misi\u00f3n Permanente de Chile, tratan el \u00abLiderazgo de las nuevas generaciones: Los ni\u00f1os y adolescentes con discapacidad y sus voces post COVID-19\u00bb, en otro evento virtual que tiene lugar el viernes.<\/p>\n\n\n\n<p>Las Naciones Unidas tambi\u00e9n celebran el d\u00eda en sus oficinas de Ginebra y Bangkok.<\/p>\n","protected":false},"excerpt":{"rendered":"<p>diariodominicano.com New York, 3 de diciembre, 2021 (.- Una de cada cinco mujeres tiene probabilidades de tener una discapacidad a lo largo de su vida, en el caso de los ni\u00f1os es uno de cada diez. Ant\u00f3nio Guterres se\u00f1ala que estas personas se encuentran entre las m\u00e1s afectadas por la pandemia y pide a los [&hellip;]<\/p>\n","protected":false},"author":5,"featured_media":313570,"comment_status":"closed","ping_status":"","sticky":true,"template":"","format":"standard","meta":{"footnotes":""},"categories":[23,27],"tags":[],"class_list":["post-313568","post","type-post","status-publish","format-standard","has-post-thumbnail","hentry","category-internacional","category-portada"],"_links":{"self":[{"href":"https:\/\/diariodominicano.com\/index.php?rest_route=\/wp\/v2\/posts\/313568","targetHints":{"allow":["GET"]}}],"collection":[{"href":"https:\/\/diariodominicano.com\/index.php?rest_route=\/wp\/v2\/posts"}],"about":[{"href":"https:\/\/diariodominicano.com\/index.php?rest_route=\/wp\/v2\/types\/post"}],"author":[{"embeddable":true,"href":"https:\/\/diariodominicano.com\/index.php?rest_route=\/wp\/v2\/users\/5"}],"replies":[{"embeddable":true,"href":"https:\/\/diariodominicano.com\/index.php?rest_route=%2Fwp%2Fv2%2Fcomments&post=313568"}],"version-history":[{"count":1,"href":"https:\/\/diariodominicano.com\/index.php?rest_route=\/wp\/v2\/posts\/313568\/revisions"}],"predecessor-version":[{"id":313581,"href":"https:\/\/diariodominicano.com\/index.php?rest_route=\/wp\/v2\/posts\/313568\/revisions\/313581"}],"wp:featuredmedia":[{"embeddable":true,"href":"https:\/\/diariodominicano.com\/index.php?rest_route=\/wp\/v2\/media\/313570"}],"wp:attachment":[{"href":"https:\/\/diariodominicano.com\/index.php?rest_route=%2Fwp%2Fv2%2Fmedia&parent=313568"}],"wp:term":[{"taxonomy":"category","embeddable":true,"href":"https:\/\/diariodominicano.com\/index.php?rest_route=%2Fwp%2Fv2%2Fcategories&post=313568"},{"taxonomy":"post_tag","embeddable":true,"href":"https:\/\/diariodominicano.com\/index.php?rest_route=%2Fwp%2Fv2%2Ftags&post=313568"}],"curies":[{"name":"wp","href":"https:\/\/api.w.org\/{rel}","templated":true}]}}