{"id":313547,"date":"2021-12-03T21:54:41","date_gmt":"2021-12-04T01:54:41","guid":{"rendered":"http:\/\/diariodominicano.com\/?p=313547"},"modified":"2021-12-03T21:54:41","modified_gmt":"2021-12-04T01:54:41","slug":"ministro-de-salud-un-5-6-de-la-poblacion-falta-por-vacunar-para-que-el-pais-llegue-a-los-niveles-esperados","status":"publish","type":"post","link":"https:\/\/diariodominicano.com\/?p=313547","title":{"rendered":"Ministro de Salud: \u201cUn 5.6 % de la poblaci\u00f3n falta por vacunar para que el pa\u00eds llegue a los niveles esperados\u201d"},"content":{"rendered":"\n<p>diariodominicano.com<\/p>\n\n\n\n<p>Punta Cana, La Altagracia, R. D., 3 de diciembre, 2021.- El ministro de Salud, Daniel Rivera, afirm\u00f3 que unas 420,000 personas faltan por vacunarse, lo que representa un 5.6 % de la poblaci\u00f3n dominicana, para completar la meta del 70 %.<\/p>\n\n\n\n<p>En ese sentido, el funcionario dijo que considerar\u00e1 la estrategia de ir casa por casa para lograr alcanzar la meta de vacunados y reiter\u00f3 que las acciones oportunas del Gobierno han repercutido en una baja significativa en los principales indicadores.<\/p>\n\n\n\n<p>El titular de Salud sostuvo que las provincias de Santo Domingo, Santiago y San Crist\u00f3bal concentran la mayor cantidad de personas que a\u00fan no se han vacunado.<\/p>\n\n\n\n<p>\u00abEl pa\u00eds tiene la m\u00e1s baja letalidad en comparaci\u00f3n a otros pa\u00edses. Las decisiones atinadas del Gobierno que encabeza el presidente Luis Abinader han permitido que hoy podamos exhibir excelentes indicadores, pero a\u00fan nos falta alcanzar la mayor tasa de vacunados y para ello ser\u00e1 necesario acudir a tocar las puertas de casa a casa\u00bb indic\u00f3.<\/p>\n\n\n\n<p>El doctor Rivera ofreci\u00f3 estas declaraciones al participar en el IV Congreso Internacional de Medicina Cr\u00edtica y Cuidados Intensivos 2021 (COCECATI) y el Congreso del Consorcio Centroamericano y del Caribe de Terapia Intensiva, en Punta Cana, provincia La Altagracia.<\/p>\n\n\n\n<p>El encuentro, que reuni\u00f3 especialistas de la medicina nacional e internacional, se realiz\u00f3 con el objetivo de resaltar temas de inter\u00e9s multidisciplinario dentro de la medicina cr\u00edtica y el nivel acad\u00e9mico de los colegas.<\/p>\n\n\n\n<p>De su lado, Miguelina Pichardo Vi\u00f1as, presidenta de la Sociedad Dominicana de Medicina Cr\u00edtica y Cuidados Intensivos (SODEMECU), manifest\u00f3 el inter\u00e9s en las \u00e1reas que representan un reto para el trabajo m\u00e9dico, como son los temas de la sepsis, manejo del paciente neurocr\u00edtico, patolog\u00edas cr\u00edticas m\u00e1s frecuentes en obstetricia, respiratorias y el Covid-19.<\/p>\n\n\n\n<p>\u201cLa Sociedad Dominicana de Medicina Cr\u00edtica y Cuidados Intensivos contin\u00faa en su fortalecimiento como organizaci\u00f3n y motivando a los intensivistas de hoy no solo bas\u00e1ndose en la supervivencia, ni en la mejor\u00eda de nuestros pacientes como resultado de nuestro tratamiento, sino en el buen trato, la empat\u00eda, la hospitalidad y humanidad\u201d, expres\u00f3 Pichardo.<\/p>\n\n\n\n<p>El evento cont\u00f3 con la participaci\u00f3n de los doctores Alexander Marte, vicepresidente SODEMECU; Jorge Luis Ranero, presidente de COCECATI; Gloria Rodr\u00edguez, Jorge Sinclair, Jos\u00e9 Yunen, entre otros.<\/p>\n\n\n\n<p>Fuente: Direcci\u00f3n de Estrategia y Comunicaci\u00f3n Gubernamental<\/p>\n\n\n\n<p>Ministerio Administrativo de la Presidencia de la Rep\u00fablica Dominicana<\/p>\n","protected":false},"excerpt":{"rendered":"<p>diariodominicano.com Punta Cana, La Altagracia, R. D., 3 de diciembre, 2021.- El ministro de Salud, Daniel Rivera, afirm\u00f3 que unas 420,000 personas faltan por vacunarse, lo que representa un 5.6 % de la poblaci\u00f3n dominicana, para completar la meta del 70 %. En ese sentido, el funcionario dijo que considerar\u00e1 la estrategia de ir casa [&hellip;]<\/p>\n","protected":false},"author":5,"featured_media":313554,"comment_status":"closed","ping_status":"","sticky":true,"template":"","format":"standard","meta":{"footnotes":""},"categories":[20,27],"tags":[],"class_list":["post-313547","post","type-post","status-publish","format-standard","has-post-thumbnail","hentry","category-dominicana-hoy","category-portada"],"_links":{"self":[{"href":"https:\/\/diariodominicano.com\/index.php?rest_route=\/wp\/v2\/posts\/313547","targetHints":{"allow":["GET"]}}],"collection":[{"href":"https:\/\/diariodominicano.com\/index.php?rest_route=\/wp\/v2\/posts"}],"about":[{"href":"https:\/\/diariodominicano.com\/index.php?rest_route=\/wp\/v2\/types\/post"}],"author":[{"embeddable":true,"href":"https:\/\/diariodominicano.com\/index.php?rest_route=\/wp\/v2\/users\/5"}],"replies":[{"embeddable":true,"href":"https:\/\/diariodominicano.com\/index.php?rest_route=%2Fwp%2Fv2%2Fcomments&post=313547"}],"version-history":[{"count":1,"href":"https:\/\/diariodominicano.com\/index.php?rest_route=\/wp\/v2\/posts\/313547\/revisions"}],"predecessor-version":[{"id":313555,"href":"https:\/\/diariodominicano.com\/index.php?rest_route=\/wp\/v2\/posts\/313547\/revisions\/313555"}],"wp:featuredmedia":[{"embeddable":true,"href":"https:\/\/diariodominicano.com\/index.php?rest_route=\/wp\/v2\/media\/313554"}],"wp:attachment":[{"href":"https:\/\/diariodominicano.com\/index.php?rest_route=%2Fwp%2Fv2%2Fmedia&parent=313547"}],"wp:term":[{"taxonomy":"category","embeddable":true,"href":"https:\/\/diariodominicano.com\/index.php?rest_route=%2Fwp%2Fv2%2Fcategories&post=313547"},{"taxonomy":"post_tag","embeddable":true,"href":"https:\/\/diariodominicano.com\/index.php?rest_route=%2Fwp%2Fv2%2Ftags&post=313547"}],"curies":[{"name":"wp","href":"https:\/\/api.w.org\/{rel}","templated":true}]}}