{"id":313531,"date":"2021-12-03T21:34:38","date_gmt":"2021-12-04T01:34:38","guid":{"rendered":"http:\/\/diariodominicano.com\/?p=313531"},"modified":"2021-12-03T23:11:50","modified_gmt":"2021-12-04T03:11:50","slug":"fuerzas-armadas-respaldaran-operativo-navideno-compromiso-por-la-vida-2021-de-la-policia-nacional","status":"publish","type":"post","link":"https:\/\/diariodominicano.com\/?p=313531","title":{"rendered":"Fuerzas Armadas respaldar\u00e1n operativo navide\u00f1o \u00abCompromiso por la Vida 2021\u201d de la Polic\u00eda Nacional"},"content":{"rendered":"\n<p>diariodominicano.com <\/p>\n\n\n\n<p>Santo Domingo, R. D.,  3 de diciembre, 2021.- Miles de soldados de las Fuerzas Armadas participan en el Operativo de seguridad ciudadana \u00abCompromiso por la Vida\u201d, puesto en marcha por la Polic\u00eda Nacional desde este jueves 02 de diciembre, en un acto encabezado por la vicepresidenta de la Rep\u00fablica, Raquel Pe\u00f1a, y el ministro de Interior y Polic\u00eda, Jes\u00fas V\u00e1zquez Mart\u00ednez.<\/p>\n\n\n\n<p>El ministro de Defensa, teniente general Carlos D\u00edaz Morfa, ERD, particip\u00f3 en el lanzamiento, realizado en la explanada frontal del Palacio del cuerpo del orden. All\u00ed, su director general, mayor general Eduardo Alberto Then, PN, anunci\u00f3 que con la iniciativa se garantizar\u00e1 la integridad f\u00edsica y la seguridad de la ciudadan\u00eda.<\/p>\n\n\n\n<p>Agreg\u00f3 que con el apoyo de efectivos de las FF.AA ser\u00e1 reforzada la vigilancia de las calles, avenidas, zonas residenciales y comerciales del pa\u00eds en esta Navidad.<\/p>\n\n\n\n<p>Ya es costumbre que, durante el mes de diciembre, miembros de las FF.AA. salgan a las calles a respaldar estos operativos de seguridad, para fortalecer la prevenci\u00f3n de actos delincuenciales y la alteraci\u00f3n de orden p\u00fablico en sus distintas manifestaciones.<\/p>\n\n\n\n<p>La seguridad p\u00fablica ser\u00e1 reforzada en los 158 municipios del Gran Santo Domingo y el Distrito Nacional, con vigilancia a pie y motorizada; participar\u00e1n tropas pertenecientes a la Direcci\u00f3n Central de Prevenci\u00f3n, de las 14 Direcciones Regionales de la Polic\u00eda Nacional, de la Direcci\u00f3n General de Seguridad de Tr\u00e1nsito y Transporte Terrestre (Digesett), as\u00ed como tambi\u00e9n de las Direcciones y Departamentos especializados del cuerpo del orden.<\/p>\n\n\n\n<p>Fuente: Direcci\u00f3n de Estrategia y Comunicaci\u00f3n Gubernamental<\/p>\n\n\n\n<p>Ministerio Administrativo de la Presidencia de la Rep\u00fablica Dominicana<\/p>\n","protected":false},"excerpt":{"rendered":"<p>diariodominicano.com Santo Domingo, R. D., 3 de diciembre, 2021.- Miles de soldados de las Fuerzas Armadas participan en el Operativo de seguridad ciudadana \u00abCompromiso por la Vida\u201d, puesto en marcha por la Polic\u00eda Nacional desde este jueves 02 de diciembre, en un acto encabezado por la vicepresidenta de la Rep\u00fablica, Raquel Pe\u00f1a, y el ministro [&hellip;]<\/p>\n","protected":false},"author":5,"featured_media":313533,"comment_status":"closed","ping_status":"","sticky":true,"template":"","format":"standard","meta":{"footnotes":""},"categories":[20,27],"tags":[],"class_list":["post-313531","post","type-post","status-publish","format-standard","has-post-thumbnail","hentry","category-dominicana-hoy","category-portada"],"_links":{"self":[{"href":"https:\/\/diariodominicano.com\/index.php?rest_route=\/wp\/v2\/posts\/313531","targetHints":{"allow":["GET"]}}],"collection":[{"href":"https:\/\/diariodominicano.com\/index.php?rest_route=\/wp\/v2\/posts"}],"about":[{"href":"https:\/\/diariodominicano.com\/index.php?rest_route=\/wp\/v2\/types\/post"}],"author":[{"embeddable":true,"href":"https:\/\/diariodominicano.com\/index.php?rest_route=\/wp\/v2\/users\/5"}],"replies":[{"embeddable":true,"href":"https:\/\/diariodominicano.com\/index.php?rest_route=%2Fwp%2Fv2%2Fcomments&post=313531"}],"version-history":[{"count":3,"href":"https:\/\/diariodominicano.com\/index.php?rest_route=\/wp\/v2\/posts\/313531\/revisions"}],"predecessor-version":[{"id":313637,"href":"https:\/\/diariodominicano.com\/index.php?rest_route=\/wp\/v2\/posts\/313531\/revisions\/313637"}],"wp:featuredmedia":[{"embeddable":true,"href":"https:\/\/diariodominicano.com\/index.php?rest_route=\/wp\/v2\/media\/313533"}],"wp:attachment":[{"href":"https:\/\/diariodominicano.com\/index.php?rest_route=%2Fwp%2Fv2%2Fmedia&parent=313531"}],"wp:term":[{"taxonomy":"category","embeddable":true,"href":"https:\/\/diariodominicano.com\/index.php?rest_route=%2Fwp%2Fv2%2Fcategories&post=313531"},{"taxonomy":"post_tag","embeddable":true,"href":"https:\/\/diariodominicano.com\/index.php?rest_route=%2Fwp%2Fv2%2Ftags&post=313531"}],"curies":[{"name":"wp","href":"https:\/\/api.w.org\/{rel}","templated":true}]}}