{"id":313493,"date":"2021-12-03T21:28:49","date_gmt":"2021-12-04T01:28:49","guid":{"rendered":"http:\/\/diariodominicano.com\/?p=313493"},"modified":"2021-12-03T21:28:49","modified_gmt":"2021-12-04T01:28:49","slug":"suprema-corte-de-brasil-abre-investigacion-contra-bolsonaro-por-noticias-falsas","status":"publish","type":"post","link":"https:\/\/diariodominicano.com\/?p=313493","title":{"rendered":"Suprema corte de Brasil abre investigaci\u00f3n contra Bolsonaro por \u00abnoticias falsas\u00bb"},"content":{"rendered":"\n<p>diariodominicano.com<a rel=\"noreferrer noopener\" href=\"https:\/\/www.xinhua-news.com\/gdsdetailxhs\/share\/10683649-?pageflag=iframe\" target=\"_blank\"><\/a><\/p>\n\n\n\n<pre id=\"text-news-description\" class=\"wp-block-preformatted\">   SAO PAULO, 3 dic (Xinhua) -- El Supremo Tribunal Federal, la alta corte de Brasil, determin\u00f3 este viernes la apertura de una investigaci\u00f3n formal contra el presidente Jair Bolsonaro por divulgar en las redes sociales \"noticias falsas\" vinculando la vacunaci\u00f3n contra la COVID-19 con la posibilidad de adquirir el virus HIV, se inform\u00f3 oficialmente.\n   La decisi\u00f3n fue tomada por el juez supremo Alexandre de Moraes, quien acat\u00f3 un pedido de la comisi\u00f3n parlamentaria de investigaci\u00f3n del Senado que elev\u00f3 un informe con posibles delitos cometidos en la lucha contra la pandemia.\n   El caso que este viernes por la noche fue abierto por De Moraes tiene que ver con una transmisi\u00f3n en vivo de 21 de octubre realizada por Bolsonaro en las plataformas Facebook, Instagram y Youtube.\n   En ese programa en streaming, Bolsonaro ley\u00f3 un texto supuestamente publicado en Reino Unido que indicaba que personas inmunizadas contra la COVID-19 estar\u00edan en condiciones de desarrollar m\u00e1s r\u00e1pidamente el contagio del virus HIV que causa el SIDA.\n   Las plataformas suspendieron el video y la comisi\u00f3n del Senado elev\u00f3 una denuncia ante el Supremo Tribunal Federal para investigar la conducta del mandatario.<\/pre>\n","protected":false},"excerpt":{"rendered":"<p>diariodominicano.com SAO PAULO, 3 dic (Xinhua) &#8212; El Supremo Tribunal Federal, la alta corte de Brasil, determin\u00f3 este viernes la apertura de una investigaci\u00f3n formal contra el presidente Jair Bolsonaro por divulgar en las redes sociales \u00abnoticias falsas\u00bb vinculando la vacunaci\u00f3n contra la COVID-19 con la posibilidad de adquirir el virus HIV, se inform\u00f3 oficialmente. [&hellip;]<\/p>\n","protected":false},"author":5,"featured_media":313529,"comment_status":"closed","ping_status":"","sticky":true,"template":"","format":"standard","meta":{"footnotes":""},"categories":[23,27],"tags":[],"class_list":["post-313493","post","type-post","status-publish","format-standard","has-post-thumbnail","hentry","category-internacional","category-portada"],"_links":{"self":[{"href":"https:\/\/diariodominicano.com\/index.php?rest_route=\/wp\/v2\/posts\/313493","targetHints":{"allow":["GET"]}}],"collection":[{"href":"https:\/\/diariodominicano.com\/index.php?rest_route=\/wp\/v2\/posts"}],"about":[{"href":"https:\/\/diariodominicano.com\/index.php?rest_route=\/wp\/v2\/types\/post"}],"author":[{"embeddable":true,"href":"https:\/\/diariodominicano.com\/index.php?rest_route=\/wp\/v2\/users\/5"}],"replies":[{"embeddable":true,"href":"https:\/\/diariodominicano.com\/index.php?rest_route=%2Fwp%2Fv2%2Fcomments&post=313493"}],"version-history":[{"count":1,"href":"https:\/\/diariodominicano.com\/index.php?rest_route=\/wp\/v2\/posts\/313493\/revisions"}],"predecessor-version":[{"id":313530,"href":"https:\/\/diariodominicano.com\/index.php?rest_route=\/wp\/v2\/posts\/313493\/revisions\/313530"}],"wp:featuredmedia":[{"embeddable":true,"href":"https:\/\/diariodominicano.com\/index.php?rest_route=\/wp\/v2\/media\/313529"}],"wp:attachment":[{"href":"https:\/\/diariodominicano.com\/index.php?rest_route=%2Fwp%2Fv2%2Fmedia&parent=313493"}],"wp:term":[{"taxonomy":"category","embeddable":true,"href":"https:\/\/diariodominicano.com\/index.php?rest_route=%2Fwp%2Fv2%2Fcategories&post=313493"},{"taxonomy":"post_tag","embeddable":true,"href":"https:\/\/diariodominicano.com\/index.php?rest_route=%2Fwp%2Fv2%2Ftags&post=313493"}],"curies":[{"name":"wp","href":"https:\/\/api.w.org\/{rel}","templated":true}]}}