{"id":313486,"date":"2021-12-03T21:01:57","date_gmt":"2021-12-04T01:01:57","guid":{"rendered":"http:\/\/diariodominicano.com\/?p=313486"},"modified":"2021-12-03T21:01:57","modified_gmt":"2021-12-04T01:01:57","slug":"msp-capacitara-tecnicos-y-profesionales-para-mejorar-la-salud-y-la-nutricion-del-dominicano","status":"publish","type":"post","link":"https:\/\/diariodominicano.com\/?p=313486","title":{"rendered":"MSP capacitar\u00e1 t\u00e9cnicos y profesionales para mejorar la salud y la nutrici\u00f3n del dominicano"},"content":{"rendered":"\n<p>diariodominicano.com<\/p>\n\n\n\n<p>Santo Domingo, R. D., 3 de diciembre, 2021.\u2013 Con el prop\u00f3sito de promover un cambio en los h\u00e1bitos alimenticios y as\u00ed reducir enfermedades no transmisibles en el pa\u00eds, el Ministerio de Salud P\u00fablica (MSP) realiz\u00f3 este jueves la apertura del Diplomado de Alimentaci\u00f3n y Nutrici\u00f3n.<\/p>\n\n\n\n<p>El diplomado est\u00e1 dirigido al personal de salud de las diferentes instituciones gubernamentales y t\u00e9cnicos del \u00e1rea de la alimentaci\u00f3n.<\/p>\n\n\n\n<p>La actividad estuvo encabezada por el ministro de salud, Daniel Rivera; la directora de la Divisi\u00f3n de Nutrici\u00f3n, Patricia Grull\u00f3n; Rafael Santos, representante del Instituto Nacional de Formaci\u00f3n T\u00e9cnico Profesional (INFOTEP); Gabriela Alvarado, representante del Programa Mundial de Alimentos (PMA) en el pa\u00eds, y el viceministro de Salud colectiva, Eladio P\u00e9rez.<\/p>\n\n\n\n<p>En su intervenci\u00f3n, el titular de Salud manifest\u00f3 la importancia de esta capacitaci\u00f3n para los 120 participantes seleccionados por el MSP en esta convocatoria, la cual se llevar\u00e1 a cabo de manera virtual a trav\u00e9s de la plataforma del INFOTEP.<\/p>\n\n\n\n<p>\u201cHablar de alimentaci\u00f3n es hablar de la salud en sentido general; una alimentaci\u00f3n adecuada es la mejor manera de prevenir la mayor\u00eda de enfermedades, como diabetes, hipertensi\u00f3n, c\u00e1ncer y obesidad; por eso realizamos este taller, para cambiar h\u00e1bitos de nutrici\u00f3n y as\u00ed mismo cambiar familias\u201d, puntualiz\u00f3 Rivera.<\/p>\n\n\n\n<p>Por su parte, Gabriela Alvarado, dijo que la finalidad del mismo es fortalecer la capacitaci\u00f3n del personal t\u00e9cnico y de profesionales de la salud, para llenar esos huecos que presenta el pa\u00eds en cuanto a nutrici\u00f3n y alimentaci\u00f3n.<\/p>\n\n\n\n<p>As\u00ed mismo, Rafael Santos manifest\u00f3 que este proyecto viene a transformar la desnutrici\u00f3n que presenta el pa\u00eds por falta de capacitaci\u00f3n y orientaci\u00f3n.<\/p>\n\n\n\n<p>Patricia Grull\u00f3n indic\u00f3 que la capacitaci\u00f3n es una iniciativa de la Divisi\u00f3n de Nutrici\u00f3n del MSP, el Programa Mundial de Alimentos (PMA) y el Instituto Nacional de Formaci\u00f3n T\u00e9cnico Profesional (INFOTEP).<\/p>\n\n\n\n<p>\u201cLos participantes que culminen el taller tendr\u00e1n la capacidad de orientar al paciente sobre c\u00f3mo llevar una dieta favorable de acuerdo con su organismo, peso y las condiciones f\u00edsicas en que se encuentre. Este es el objetivo principal\u201d concluy\u00f3 Grull\u00f3n.<\/p>\n\n\n\n<p>Fuente: Direcci\u00f3n de Estrategia y Comunicaci\u00f3n Gubernamental<\/p>\n\n\n\n<p>Ministerio Administrativo de la Presidencia de la Rep\u00fablica Dominicana<\/p>\n","protected":false},"excerpt":{"rendered":"<p>diariodominicano.com Santo Domingo, R. D., 3 de diciembre, 2021.\u2013 Con el prop\u00f3sito de promover un cambio en los h\u00e1bitos alimenticios y as\u00ed reducir enfermedades no transmisibles en el pa\u00eds, el Ministerio de Salud P\u00fablica (MSP) realiz\u00f3 este jueves la apertura del Diplomado de Alimentaci\u00f3n y Nutrici\u00f3n. El diplomado est\u00e1 dirigido al personal de salud de [&hellip;]<\/p>\n","protected":false},"author":5,"featured_media":313490,"comment_status":"closed","ping_status":"","sticky":true,"template":"","format":"standard","meta":{"footnotes":""},"categories":[20,27],"tags":[],"class_list":["post-313486","post","type-post","status-publish","format-standard","has-post-thumbnail","hentry","category-dominicana-hoy","category-portada"],"_links":{"self":[{"href":"https:\/\/diariodominicano.com\/index.php?rest_route=\/wp\/v2\/posts\/313486","targetHints":{"allow":["GET"]}}],"collection":[{"href":"https:\/\/diariodominicano.com\/index.php?rest_route=\/wp\/v2\/posts"}],"about":[{"href":"https:\/\/diariodominicano.com\/index.php?rest_route=\/wp\/v2\/types\/post"}],"author":[{"embeddable":true,"href":"https:\/\/diariodominicano.com\/index.php?rest_route=\/wp\/v2\/users\/5"}],"replies":[{"embeddable":true,"href":"https:\/\/diariodominicano.com\/index.php?rest_route=%2Fwp%2Fv2%2Fcomments&post=313486"}],"version-history":[{"count":1,"href":"https:\/\/diariodominicano.com\/index.php?rest_route=\/wp\/v2\/posts\/313486\/revisions"}],"predecessor-version":[{"id":313492,"href":"https:\/\/diariodominicano.com\/index.php?rest_route=\/wp\/v2\/posts\/313486\/revisions\/313492"}],"wp:featuredmedia":[{"embeddable":true,"href":"https:\/\/diariodominicano.com\/index.php?rest_route=\/wp\/v2\/media\/313490"}],"wp:attachment":[{"href":"https:\/\/diariodominicano.com\/index.php?rest_route=%2Fwp%2Fv2%2Fmedia&parent=313486"}],"wp:term":[{"taxonomy":"category","embeddable":true,"href":"https:\/\/diariodominicano.com\/index.php?rest_route=%2Fwp%2Fv2%2Fcategories&post=313486"},{"taxonomy":"post_tag","embeddable":true,"href":"https:\/\/diariodominicano.com\/index.php?rest_route=%2Fwp%2Fv2%2Ftags&post=313486"}],"curies":[{"name":"wp","href":"https:\/\/api.w.org\/{rel}","templated":true}]}}