{"id":313435,"date":"2021-12-03T20:54:12","date_gmt":"2021-12-04T00:54:12","guid":{"rendered":"http:\/\/diariodominicano.com\/?p=313435"},"modified":"2021-12-03T20:54:12","modified_gmt":"2021-12-04T00:54:12","slug":"mexico-detecta-primer-contagio-de-la-variante-omicron-de-coronavirus-en-viajero-procedente-de-sudafrica","status":"publish","type":"post","link":"https:\/\/diariodominicano.com\/?p=313435","title":{"rendered":"M\u00e9xico detecta primer contagio de la variante \u00f3micron de coronavirus en viajero procedente de Sud\u00e1frica"},"content":{"rendered":"\n<p>diariodominicano.com<a rel=\"noreferrer noopener\" href=\"https:\/\/www.xinhua-news.com\/gdsdetailxhs\/share\/10683216-?pageflag=iframe\" target=\"_blank\"><\/a><\/p>\n\n\n\n<pre id=\"text-news-description\" class=\"wp-block-preformatted\">   MEXICO, 3 dic (Xinhua) -- M\u00e9xico detect\u00f3 el primer caso en su territorio de contagio de la variante \u00f3micron del nuevo coronavirus en una persona que arrib\u00f3 al pa\u00eds procedente de Sud\u00e1frica el 21 de noviembre pasado, inform\u00f3 hoy viernes la Secretar\u00eda (ministerio) de Salud.\n   La entidad difundi\u00f3 en un comunicado que seis d\u00edas despu\u00e9s de su arribo, esta persona de origen sudafricano, empresario y con esquema de vacunaci\u00f3n completo, present\u00f3 s\u00edntomas de la enfermedad del nuevo coronavirus (COVID-19), por lo que se realiz\u00f3 una prueba para su detecci\u00f3n, que arroj\u00f3 resultado positivo y posteriormente se identific\u00f3 como correspondiente a la variante \u00f3micron.\n   \"Los resultados preliminares son positivos para el gen N2, y se observa que la muestra presenta falla en la diana del Gen S: negativo a gen S, positivo al gen ORFab y positivo al gen N, caracter\u00edsticas de la variante \u00f3micron\", detall\u00f3 la instituci\u00f3n.\n   La Secretar\u00eda de Salud indic\u00f3 que la persona, de 51 a\u00f1os de edad, se encuentra hospitalizada y en aislamiento voluntario en la Ciudad de M\u00e9xico.\n   \"Hasta el momento, las personas que tuvieron contacto con el primer caso no registran s\u00edntomas, signos de alarma o positividad al virus SARS-CoV-2 (causante de la COVID-19)\", agreg\u00f3 la fuente.\n   Por su parte, el subsecretario (viceministro) de Prevenci\u00f3n y Promoci\u00f3n de la Salud, Hugo L\u00f3pez-Gatell, detall\u00f3 en su cuenta de Twitter que este paciente tiene \"enfermedad leve\", al tiempo que \"su pron\u00f3stico de recuperaci\u00f3n es favorable\".\n   El epidemi\u00f3logo record\u00f3 que desde el 26 de noviembre pasado, M\u00e9xico estableci\u00f3 un \"protocolo de vigilancia virol\u00f3gica\" que identifica de manera temprana casos de la COVID-19 en personas precedentes de cualquier pa\u00eds.\n   El funcionario llam\u00f3 a la poblaci\u00f3n a mantener la calma y seguir con la aplicaci\u00f3n de las medidas sanitarias para evitar nuevos contagios de la COVID-19.\n   M\u00e9xico acumula 3.894.364 casos confirmados y 294.715 defunciones por causa de la COVID-19, seg\u00fan el \u00faltimo reporte de las autoridades sanitarias. <\/pre>\n","protected":false},"excerpt":{"rendered":"<p>diariodominicano.com MEXICO, 3 dic (Xinhua) &#8212; M\u00e9xico detect\u00f3 el primer caso en su territorio de contagio de la variante \u00f3micron del nuevo coronavirus en una persona que arrib\u00f3 al pa\u00eds procedente de Sud\u00e1frica el 21 de noviembre pasado, inform\u00f3 hoy viernes la Secretar\u00eda (ministerio) de Salud. La entidad difundi\u00f3 en un comunicado que seis d\u00edas [&hellip;]<\/p>\n","protected":false},"author":5,"featured_media":313484,"comment_status":"closed","ping_status":"","sticky":true,"template":"","format":"standard","meta":{"footnotes":""},"categories":[23,27],"tags":[],"class_list":["post-313435","post","type-post","status-publish","format-standard","has-post-thumbnail","hentry","category-internacional","category-portada"],"_links":{"self":[{"href":"https:\/\/diariodominicano.com\/index.php?rest_route=\/wp\/v2\/posts\/313435","targetHints":{"allow":["GET"]}}],"collection":[{"href":"https:\/\/diariodominicano.com\/index.php?rest_route=\/wp\/v2\/posts"}],"about":[{"href":"https:\/\/diariodominicano.com\/index.php?rest_route=\/wp\/v2\/types\/post"}],"author":[{"embeddable":true,"href":"https:\/\/diariodominicano.com\/index.php?rest_route=\/wp\/v2\/users\/5"}],"replies":[{"embeddable":true,"href":"https:\/\/diariodominicano.com\/index.php?rest_route=%2Fwp%2Fv2%2Fcomments&post=313435"}],"version-history":[{"count":1,"href":"https:\/\/diariodominicano.com\/index.php?rest_route=\/wp\/v2\/posts\/313435\/revisions"}],"predecessor-version":[{"id":313485,"href":"https:\/\/diariodominicano.com\/index.php?rest_route=\/wp\/v2\/posts\/313435\/revisions\/313485"}],"wp:featuredmedia":[{"embeddable":true,"href":"https:\/\/diariodominicano.com\/index.php?rest_route=\/wp\/v2\/media\/313484"}],"wp:attachment":[{"href":"https:\/\/diariodominicano.com\/index.php?rest_route=%2Fwp%2Fv2%2Fmedia&parent=313435"}],"wp:term":[{"taxonomy":"category","embeddable":true,"href":"https:\/\/diariodominicano.com\/index.php?rest_route=%2Fwp%2Fv2%2Fcategories&post=313435"},{"taxonomy":"post_tag","embeddable":true,"href":"https:\/\/diariodominicano.com\/index.php?rest_route=%2Fwp%2Fv2%2Ftags&post=313435"}],"curies":[{"name":"wp","href":"https:\/\/api.w.org\/{rel}","templated":true}]}}