{"id":313425,"date":"2021-12-03T15:22:08","date_gmt":"2021-12-03T19:22:08","guid":{"rendered":"http:\/\/diariodominicano.com\/?p=313425"},"modified":"2021-12-03T15:22:08","modified_gmt":"2021-12-03T19:22:08","slug":"francia-anuncia-nuevas-restricciones-de-viaje","status":"publish","type":"post","link":"https:\/\/diariodominicano.com\/?p=313425","title":{"rendered":"Francia anuncia nuevas restricciones de viaje"},"content":{"rendered":"\n<p>diariodominicano.com<a rel=\"noreferrer noopener\" href=\"https:\/\/www.xinhua-news.com\/gdsdetailxhs\/share\/10683271-?pageflag=iframe\" target=\"_blank\"><\/a><\/p>\n\n\n\n<pre id=\"text-news-description\" class=\"wp-block-preformatted\">   PAR\u00cdS, 3 dic (Xinhua) -- El Gobierno de Francia anunci\u00f3 hoy nuevas restricciones de viaje que entrar\u00e1n en vigor el 4 de diciembre.  \n   Adem\u00e1s de la clasificaci\u00f3n francesa por colores, verde, anaranjado y rojo, para indicar la situaci\u00f3n epidemiol\u00f3gica de los pa\u00edses en relaci\u00f3n con el coronavirus, el Gobierno tambi\u00e9n introdujo una nueva lista color escarlata que incluye a 10 naciones africanas.\n   De acuerdo con el Ministerio del Interior, los pa\u00edses de la lista escarlata son aquellos en los que existe una circulaci\u00f3n particularmente activa del virus y\/o en donde se ha detectado una variante que podr\u00eda representar un mayor riesgo de transmisibilidad.\n   El ministerio se\u00f1al\u00f3 que \"se recomienda firmemente\" a los ciudadanos franceses abstenerse de viajar a los pa\u00edses de las listas roja y escarlata a menos que tengan \"razones apremiantes\" para hacerlo.\n   Todas las personas que lleguen de pa\u00edses en las listas verde, anaranjada y roja deben presentar una prueba PCR (reacci\u00f3n en cadena de la polimerasa) o una prueba de ant\u00edgeno negativas emitidas no menos de 48 horas antes del viaje.\n   Los viajeros procedentes de pa\u00edses escarlata y de Reino Unido deben presentar una prueba PCR o una prueba de ant\u00edgeno negativas realizadas 24 horas antes del viaje. Tambi\u00e9n tendr\u00e1n que someterse a otra prueba de detecci\u00f3n de coronavirus a su llegada.\n    Quienes den positivo deber\u00e1n someterse a una cuarentena en los hoteles asignados por las autoridades sanitarias francesas. <\/pre>\n","protected":false},"excerpt":{"rendered":"<p>diariodominicano.com PAR\u00cdS, 3 dic (Xinhua) &#8212; El Gobierno de Francia anunci\u00f3 hoy nuevas restricciones de viaje que entrar\u00e1n en vigor el 4 de diciembre. Adem\u00e1s de la clasificaci\u00f3n francesa por colores, verde, anaranjado y rojo, para indicar la situaci\u00f3n epidemiol\u00f3gica de los pa\u00edses en relaci\u00f3n con el coronavirus, el Gobierno tambi\u00e9n introdujo una nueva lista [&hellip;]<\/p>\n","protected":false},"author":5,"featured_media":313426,"comment_status":"closed","ping_status":"","sticky":true,"template":"","format":"standard","meta":{"footnotes":""},"categories":[23,27],"tags":[],"class_list":["post-313425","post","type-post","status-publish","format-standard","has-post-thumbnail","hentry","category-internacional","category-portada"],"_links":{"self":[{"href":"https:\/\/diariodominicano.com\/index.php?rest_route=\/wp\/v2\/posts\/313425","targetHints":{"allow":["GET"]}}],"collection":[{"href":"https:\/\/diariodominicano.com\/index.php?rest_route=\/wp\/v2\/posts"}],"about":[{"href":"https:\/\/diariodominicano.com\/index.php?rest_route=\/wp\/v2\/types\/post"}],"author":[{"embeddable":true,"href":"https:\/\/diariodominicano.com\/index.php?rest_route=\/wp\/v2\/users\/5"}],"replies":[{"embeddable":true,"href":"https:\/\/diariodominicano.com\/index.php?rest_route=%2Fwp%2Fv2%2Fcomments&post=313425"}],"version-history":[{"count":1,"href":"https:\/\/diariodominicano.com\/index.php?rest_route=\/wp\/v2\/posts\/313425\/revisions"}],"predecessor-version":[{"id":313427,"href":"https:\/\/diariodominicano.com\/index.php?rest_route=\/wp\/v2\/posts\/313425\/revisions\/313427"}],"wp:featuredmedia":[{"embeddable":true,"href":"https:\/\/diariodominicano.com\/index.php?rest_route=\/wp\/v2\/media\/313426"}],"wp:attachment":[{"href":"https:\/\/diariodominicano.com\/index.php?rest_route=%2Fwp%2Fv2%2Fmedia&parent=313425"}],"wp:term":[{"taxonomy":"category","embeddable":true,"href":"https:\/\/diariodominicano.com\/index.php?rest_route=%2Fwp%2Fv2%2Fcategories&post=313425"},{"taxonomy":"post_tag","embeddable":true,"href":"https:\/\/diariodominicano.com\/index.php?rest_route=%2Fwp%2Fv2%2Ftags&post=313425"}],"curies":[{"name":"wp","href":"https:\/\/api.w.org\/{rel}","templated":true}]}}