{"id":313382,"date":"2021-12-03T11:07:52","date_gmt":"2021-12-03T15:07:52","guid":{"rendered":"http:\/\/diariodominicano.com\/?p=313382"},"modified":"2021-12-03T11:09:06","modified_gmt":"2021-12-03T15:09:06","slug":"bielorrusia-dice-que-ue-ignora-verdaderas-causas-de-crisis-de-migracion-global","status":"publish","type":"post","link":"https:\/\/diariodominicano.com\/?p=313382","title":{"rendered":"Bielorrusia dice que UE ignora verdaderas causas de crisis de migraci\u00f3n global"},"content":{"rendered":"\n<p>diariodominicano.com<a rel=\"noreferrer noopener\" href=\"https:\/\/www.xinhua-news.com\/gdsdetailxhs\/share\/10682861-?pageflag=iframe\" target=\"_blank\"><\/a><\/p>\n\n\n\n<pre id=\"text-news-description\" class=\"wp-block-preformatted\">   MINSK, 3 dic (Xinhua) -- La Uni\u00f3n Europea (UE) sataniza y responsabiliza a Bielorrusia por la crisis de migraci\u00f3n global mientras que ignora las verdaderas causas, dijo el jueves el Ministerio de Relaciones Exteriores de Bielorrusia.\n   El ministerio se opuso a la adopci\u00f3n por parte de la UE del pr\u00f3ximo paquete de sanciones, de acuerdo con un reporte de la Agencia de Noticias Belta, que cit\u00f3 un comunicado del ministerio.\n   Indic\u00f3 que funcionarios de la UE est\u00e1n imponiendo sanciones que van en contra del sentido com\u00fan, los hechos probados, las consultas t\u00e9cnicas realizadas y las medidas adicionales tomadas por la parte bielorrusa para contener la migraci\u00f3n ilegal.\n   Sin embargo, el paquete de sanciones afecta a empresas de Bielorrusia que no tienen nada que ver con la crisis de migraci\u00f3n.\n   La canciller\u00eda de Bielorrusia dijo que intenta tomar medidas de represalia severas y advirti\u00f3 a la UE que la presi\u00f3n debido a m\u00e1s sanciones podr\u00eda representar peligro para la estabilidad y la seguridad regionales.\n   El 2 de diciembre, la UE, Estados Unidos, Reino Unido y Canad\u00e1 introdujeron nuevas sanciones contra Bielorrusia.\n   Las sanciones afectaron a 20 individuos, 12 entidades y tres aerol\u00edneas, en particular a la Compa\u00f1\u00eda de Potasa de Bielorrusia y Club Deportivo del Presidente.\n   De acuerdo con la agencia rusa de noticias RIA Novosti, las organizaciones y personas incluidas en la lista de sanciones est\u00e1n acusadas de \"apoyar el tr\u00e1fico de migrantes a la UE y de participar en la represi\u00f3n de derechos humanos\". <\/pre>\n","protected":false},"excerpt":{"rendered":"<p>diariodominicano.com MINSK, 3 dic (Xinhua) &#8212; La Uni\u00f3n Europea (UE) sataniza y responsabiliza a Bielorrusia por la crisis de migraci\u00f3n global mientras que ignora las verdaderas causas, dijo el jueves el Ministerio de Relaciones Exteriores de Bielorrusia. El ministerio se opuso a la adopci\u00f3n por parte de la UE del pr\u00f3ximo paquete de sanciones, de [&hellip;]<\/p>\n","protected":false},"author":5,"featured_media":313383,"comment_status":"closed","ping_status":"","sticky":true,"template":"","format":"standard","meta":{"footnotes":""},"categories":[23,27],"tags":[],"class_list":["post-313382","post","type-post","status-publish","format-standard","has-post-thumbnail","hentry","category-internacional","category-portada"],"_links":{"self":[{"href":"https:\/\/diariodominicano.com\/index.php?rest_route=\/wp\/v2\/posts\/313382","targetHints":{"allow":["GET"]}}],"collection":[{"href":"https:\/\/diariodominicano.com\/index.php?rest_route=\/wp\/v2\/posts"}],"about":[{"href":"https:\/\/diariodominicano.com\/index.php?rest_route=\/wp\/v2\/types\/post"}],"author":[{"embeddable":true,"href":"https:\/\/diariodominicano.com\/index.php?rest_route=\/wp\/v2\/users\/5"}],"replies":[{"embeddable":true,"href":"https:\/\/diariodominicano.com\/index.php?rest_route=%2Fwp%2Fv2%2Fcomments&post=313382"}],"version-history":[{"count":1,"href":"https:\/\/diariodominicano.com\/index.php?rest_route=\/wp\/v2\/posts\/313382\/revisions"}],"predecessor-version":[{"id":313384,"href":"https:\/\/diariodominicano.com\/index.php?rest_route=\/wp\/v2\/posts\/313382\/revisions\/313384"}],"wp:featuredmedia":[{"embeddable":true,"href":"https:\/\/diariodominicano.com\/index.php?rest_route=\/wp\/v2\/media\/313383"}],"wp:attachment":[{"href":"https:\/\/diariodominicano.com\/index.php?rest_route=%2Fwp%2Fv2%2Fmedia&parent=313382"}],"wp:term":[{"taxonomy":"category","embeddable":true,"href":"https:\/\/diariodominicano.com\/index.php?rest_route=%2Fwp%2Fv2%2Fcategories&post=313382"},{"taxonomy":"post_tag","embeddable":true,"href":"https:\/\/diariodominicano.com\/index.php?rest_route=%2Fwp%2Fv2%2Ftags&post=313382"}],"curies":[{"name":"wp","href":"https:\/\/api.w.org\/{rel}","templated":true}]}}