{"id":313377,"date":"2021-12-03T11:00:01","date_gmt":"2021-12-03T15:00:01","guid":{"rendered":"http:\/\/diariodominicano.com\/?p=313377"},"modified":"2021-12-03T11:02:02","modified_gmt":"2021-12-03T15:02:02","slug":"abel-martinez-se-reune-soterio-ramirez-y-deportistas-de-la-caleta","status":"publish","type":"post","link":"https:\/\/diariodominicano.com\/?p=313377","title":{"rendered":"Abel Mart\u00ednez se re\u00fane con Soterio Ram\u00edrez y deportistas de La Caleta"},"content":{"rendered":"\n<p>diariodominicano.com<\/p>\n\n\n\n<p>La Caleta, Boca Chica, R. D.,  3 de diciembre, 2021.- El aspirante a la nominaci\u00f3n presidencial Abel Mart\u00ednez conquist\u00f3 el coraz\u00f3n de la dirigencia del Partido de la Liberaci\u00f3n Dominicana (PLD) junto a cientos de j\u00f3venes y mujeres que pasaron a formar parte de su proyecto presidencial en La Caleta y Boca Chica de Santo Domingo Este.<\/p>\n\n\n\n<p>Durante los encuentros quedaron juramentados los equipos de coordinaci\u00f3n de trabajo en La Caleta y varios movimientos de apoyo conformado por j\u00f3venes y mujeres que ven en Mart\u00ednez la verdadera opci\u00f3n de transformaci\u00f3n para el retorno a la estabilidad del pa\u00eds, asegurando as\u00ed la tranquilidad y seguridad de las familias dominicanas.<\/p>\n\n\n\n<p>\u201cLes invitamos a que sigan integrando a todo el dominicano que entienda que nuestro pa\u00eds debe retomar el sendero de la dominicanidad, la estabilidad, y el bienestar que se ha perdido en manos de las actuales autoridades que dirigen el pa\u00eds.&nbsp;<strong>Querer gobernar no es saber gobernar y entenderlo le ha costado mucho a nuestro pueblo,<\/strong>&nbsp;ese pueblo que desde ya les dice a los inquilinos del Palacio, que basta de improvisaciones, de falsas promesas, del golpeo sistem\u00e1tico a la clase pobre, de indiferencia e indolencia. Un pueblo que le dio la oportunidad y que ellos han traicionado con un cambio que ha convertido al pobre en m\u00e1s pobre y mantiene a la clase media en zozobra porque solo gobiernan en beneficio de grupos elitistas de la sociedad.\u201d<\/p>\n\n\n\n<p>En este recorrido se sum\u00f3 en apoyo el exbaloncetista Soterio Ram\u00edrez, exaltado al pabell\u00f3n de la fama, miembro del CC y secretario de Deportes del PLD, quien afirma que \u201cAbel ha demostrado que es un gerente con sensibilidad social y la Rep\u00fablica Dominicana post pandemia necesita un hombre con experiencia de Estado. Tiene todas las condiciones para ser el pr\u00f3ximo presidente de la Rep\u00fablica\u201d ya que, a su juicio, tiene la capacidad y el carisma para dirigir el destino del pa\u00eds por lo que asegur\u00f3 que \u201cno podemos quedarnos de brazos cruzados viendo c\u00f3mo se va hundiendo nuestro pa\u00eds en este momento\u201d.<\/p>\n\n\n\n<p>Abel estuvo acompa\u00f1ado por miembros del Comit\u00e9 Pol\u00edtico, Comit\u00e9 Central, alcaldes, exalcaldes, regidores, as\u00ed como de l\u00edderes comunitarios y representantes de diversos sectores de la sociedad.<\/p>\n\n\n\n<p>Fuente:  <strong>Direcci\u00f3n de Comunicaci\u00f3n y Prensa<\/strong><\/p>\n\n\n\n<p><strong>Oficina Pol\u00edtica Abel Mart\u00ednez<\/strong>Saludos cordialesTS<\/p>\n\n\n\n<p>Tessie S\u00e1nchez&nbsp;Comunicaciones<\/p>\n\n\n\n<p><strong>Viernes 3 de diciembre, 2021<\/strong><\/p>\n","protected":false},"excerpt":{"rendered":"<p>diariodominicano.com La Caleta, Boca Chica, R. D., 3 de diciembre, 2021.- El aspirante a la nominaci\u00f3n presidencial Abel Mart\u00ednez conquist\u00f3 el coraz\u00f3n de la dirigencia del Partido de la Liberaci\u00f3n Dominicana (PLD) junto a cientos de j\u00f3venes y mujeres que pasaron a formar parte de su proyecto presidencial en La Caleta y Boca Chica de [&hellip;]<\/p>\n","protected":false},"author":5,"featured_media":313378,"comment_status":"closed","ping_status":"","sticky":true,"template":"","format":"standard","meta":{"footnotes":""},"categories":[22,27],"tags":[],"class_list":["post-313377","post","type-post","status-publish","format-standard","has-post-thumbnail","hentry","category-politica","category-portada"],"_links":{"self":[{"href":"https:\/\/diariodominicano.com\/index.php?rest_route=\/wp\/v2\/posts\/313377","targetHints":{"allow":["GET"]}}],"collection":[{"href":"https:\/\/diariodominicano.com\/index.php?rest_route=\/wp\/v2\/posts"}],"about":[{"href":"https:\/\/diariodominicano.com\/index.php?rest_route=\/wp\/v2\/types\/post"}],"author":[{"embeddable":true,"href":"https:\/\/diariodominicano.com\/index.php?rest_route=\/wp\/v2\/users\/5"}],"replies":[{"embeddable":true,"href":"https:\/\/diariodominicano.com\/index.php?rest_route=%2Fwp%2Fv2%2Fcomments&post=313377"}],"version-history":[{"count":2,"href":"https:\/\/diariodominicano.com\/index.php?rest_route=\/wp\/v2\/posts\/313377\/revisions"}],"predecessor-version":[{"id":313381,"href":"https:\/\/diariodominicano.com\/index.php?rest_route=\/wp\/v2\/posts\/313377\/revisions\/313381"}],"wp:featuredmedia":[{"embeddable":true,"href":"https:\/\/diariodominicano.com\/index.php?rest_route=\/wp\/v2\/media\/313378"}],"wp:attachment":[{"href":"https:\/\/diariodominicano.com\/index.php?rest_route=%2Fwp%2Fv2%2Fmedia&parent=313377"}],"wp:term":[{"taxonomy":"category","embeddable":true,"href":"https:\/\/diariodominicano.com\/index.php?rest_route=%2Fwp%2Fv2%2Fcategories&post=313377"},{"taxonomy":"post_tag","embeddable":true,"href":"https:\/\/diariodominicano.com\/index.php?rest_route=%2Fwp%2Fv2%2Ftags&post=313377"}],"curies":[{"name":"wp","href":"https:\/\/api.w.org\/{rel}","templated":true}]}}