{"id":313370,"date":"2021-12-03T10:27:52","date_gmt":"2021-12-03T14:27:52","guid":{"rendered":"http:\/\/diariodominicano.com\/?p=313370"},"modified":"2021-12-03T10:27:52","modified_gmt":"2021-12-03T14:27:52","slug":"comandante-general-del-ejercito-asume-el-mando-del-comando-conjunto-unificado-de-ff-aa","status":"publish","type":"post","link":"https:\/\/diariodominicano.com\/?p=313370","title":{"rendered":"Comandante General del Ej\u00e9rcito asume el mando del Comando Conjunto Unificado de FF.AA."},"content":{"rendered":"\n<p>diariodominicano.com<\/p>\n\n\n\n<p><strong>Santo Domingo, R. D.,  3 de diciembre, 2021<\/strong>.-\u00a0El Ministro de Defensa Teniente General Carlos Luciano D\u00edaz Morfa, ERD., encabez\u00f3 el acto de cambio de mando realizado en su despacho, quien aprovech\u00f3 la ocasi\u00f3n para felicitar a ambos Oficiales Generales, as\u00ed como a quienes integran sus equipos de trabajo, por las eficientes labores que desempe\u00f1an durante la actual gesti\u00f3n militar.<\/p>\n\n\n\n<div class=\"wp-block-image\"><figure class=\"alignleft size-large is-resized\"><img loading=\"lazy\" decoding=\"async\" src=\"https:\/\/diariodominicano.com\/wp-content\/uploads\/2021\/12\/Mide-reunion-2021-12-03-1024x682.jpeg\" alt=\"\" class=\"wp-image-313372\" width=\"447\" height=\"297\" srcset=\"https:\/\/diariodominicano.com\/wp-content\/uploads\/2021\/12\/Mide-reunion-2021-12-03-1024x682.jpeg 1024w, https:\/\/diariodominicano.com\/wp-content\/uploads\/2021\/12\/Mide-reunion-2021-12-03-300x200.jpeg 300w, https:\/\/diariodominicano.com\/wp-content\/uploads\/2021\/12\/Mide-reunion-2021-12-03-768x512.jpeg 768w, https:\/\/diariodominicano.com\/wp-content\/uploads\/2021\/12\/Mide-reunion-2021-12-03-816x544.jpeg 816w, https:\/\/diariodominicano.com\/wp-content\/uploads\/2021\/12\/Mide-reunion-2021-12-03.jpeg 1280w\" sizes=\"auto, (max-width: 447px) 100vw, 447px\" \/><\/figure><\/div>\n\n\n\n<p>El Mayor General Julio Ernesto Flori\u00e1n P\u00e9rez Comandante General del Ej\u00e9rcito de&nbsp; Rep\u00fablica Dominicana, fue posicionado como Comandante del Comando Conjunto Unificado de la Fuerzas Armadas, en sustituci\u00f3n del Mayor General Piloto Leonel Am\u00edlcar Mu\u00f1oz Noboa, de la Fuerza A\u00e9rea de Rep\u00fablica Dominicana.<\/p>\n\n\n\n<p>Desde el Comando Conjunto Unificado de las FF.AA. Se cumplen m\u00faltiples tareas, entre ellas apoyar a la Polic\u00eda Nacional en su misi\u00f3n de velar por la seguridad ciudadana, mediante el combate a la delincuencia y el crimen organizado.<\/p>\n\n\n\n<p>En el marco institucional el organismo de las Fuerzas Armadas,&nbsp; tambi\u00e9n cumple con el rol de apoyar al gobierno y a las autoridades sanitarias en la lucha contra la COVID-19, la gesti\u00f3n de riesgo frente a desastres de origen natural o provocados por la intervenci\u00f3n del hombre, as\u00ed como contribuir con otras naciones hermanas que requieran de asistencia y ayuda humanitaria.<\/p>\n\n\n\n<p>Fuente:  <strong><em>Departamento de Prensa<\/em><\/strong><\/p>\n\n\n\n<p><em><strong>Direcci\u00f3n de Asuntos Civiles del Estado Mayor Conjunto, J5<\/strong><\/em><\/p>\n\n\n\n<p><em><strong>Ministerio de Defensa de Rep\u00fablica Dominicana<\/strong><\/em><\/p>\n","protected":false},"excerpt":{"rendered":"<p>diariodominicano.com Santo Domingo, R. D., 3 de diciembre, 2021.-\u00a0El Ministro de Defensa Teniente General Carlos Luciano D\u00edaz Morfa, ERD., encabez\u00f3 el acto de cambio de mando realizado en su despacho, quien aprovech\u00f3 la ocasi\u00f3n para felicitar a ambos Oficiales Generales, as\u00ed como a quienes integran sus equipos de trabajo, por las eficientes labores que desempe\u00f1an [&hellip;]<\/p>\n","protected":false},"author":5,"featured_media":313371,"comment_status":"closed","ping_status":"","sticky":true,"template":"","format":"standard","meta":{"footnotes":""},"categories":[20,27],"tags":[],"class_list":["post-313370","post","type-post","status-publish","format-standard","has-post-thumbnail","hentry","category-dominicana-hoy","category-portada"],"_links":{"self":[{"href":"https:\/\/diariodominicano.com\/index.php?rest_route=\/wp\/v2\/posts\/313370","targetHints":{"allow":["GET"]}}],"collection":[{"href":"https:\/\/diariodominicano.com\/index.php?rest_route=\/wp\/v2\/posts"}],"about":[{"href":"https:\/\/diariodominicano.com\/index.php?rest_route=\/wp\/v2\/types\/post"}],"author":[{"embeddable":true,"href":"https:\/\/diariodominicano.com\/index.php?rest_route=\/wp\/v2\/users\/5"}],"replies":[{"embeddable":true,"href":"https:\/\/diariodominicano.com\/index.php?rest_route=%2Fwp%2Fv2%2Fcomments&post=313370"}],"version-history":[{"count":1,"href":"https:\/\/diariodominicano.com\/index.php?rest_route=\/wp\/v2\/posts\/313370\/revisions"}],"predecessor-version":[{"id":313373,"href":"https:\/\/diariodominicano.com\/index.php?rest_route=\/wp\/v2\/posts\/313370\/revisions\/313373"}],"wp:featuredmedia":[{"embeddable":true,"href":"https:\/\/diariodominicano.com\/index.php?rest_route=\/wp\/v2\/media\/313371"}],"wp:attachment":[{"href":"https:\/\/diariodominicano.com\/index.php?rest_route=%2Fwp%2Fv2%2Fmedia&parent=313370"}],"wp:term":[{"taxonomy":"category","embeddable":true,"href":"https:\/\/diariodominicano.com\/index.php?rest_route=%2Fwp%2Fv2%2Fcategories&post=313370"},{"taxonomy":"post_tag","embeddable":true,"href":"https:\/\/diariodominicano.com\/index.php?rest_route=%2Fwp%2Fv2%2Ftags&post=313370"}],"curies":[{"name":"wp","href":"https:\/\/api.w.org\/{rel}","templated":true}]}}