{"id":313365,"date":"2021-12-03T10:08:18","date_gmt":"2021-12-03T14:08:18","guid":{"rendered":"http:\/\/diariodominicano.com\/?p=313365"},"modified":"2021-12-03T10:08:18","modified_gmt":"2021-12-03T14:08:18","slug":"el-papa-hizo-un-nuevo-llamado-a-la-unidad-de-catolicos-y-ortodoxos-nos-une-el-evangelio","status":"publish","type":"post","link":"https:\/\/diariodominicano.com\/?p=313365","title":{"rendered":"El Papa hizo un nuevo llamado a la unidad de cat\u00f3licos y ortodoxos: \u201cNos une el Evangelio\u00bb"},"content":{"rendered":"\n<p>diariodominicano.com<\/p>\n\n\n\n<p>POR\u00a0<a href=\"https:\/\/plus.google.com\/101209498380451016558\/?rel=author\">BLANCA RUIZ<\/a>\u00a0| ACI Prensa<\/p>\n\n\n\n<p>Vaticano, 3 de diciembre, 2021.- Tras el encuentro con Su Beatitud Cris\u00f3stomo II, el Papa Francisco se reuni\u00f3 con el Santo S\u00ednodo, la m\u00e1xima autoridad de la Iglesia Ortodoxa de Chipre, en el que hizo un llamado a seguir trabajando por la unidad de los cristianos, pues \u00abnos une el Evangelio\u00bb.\u00a0<\/p>\n\n\n\n<p>El Santo S\u00ednodo est\u00e1 presidido por Cris\u00f3stomo II, Arzobispo de Nueva Justiniana y de toda Chipre. Asimismo, est\u00e1 organizado en 12 comisiones para preservar la doctrina, el orden can\u00f3nico y lit\u00fartigo de la Iglesia Ortodoxa de Chipre y de mantener la comuni\u00f3n con el Patriarcado ecum\u00e9nico y otras iglesias ortodoxas y de gestionar las relaciones ecum\u00e9nicas e interreligiosas.\u00a0<\/p>\n\n\n\n<p>En su discurso, el Papa Francisco record\u00f3 el origen com\u00fan de ortodoxos y cat\u00f3licos est\u00e1 en San Pablo que \u201catraves\u00f3 Chipre y posteriormente lleg\u00f3 a Roma. Por tanto,\u00a0<strong>descendemos del mismo ardor apost\u00f3lico y nos une un \u00fanico camino: el del Evangelio<\/strong>\u201d.\u201cMe agrada ver que seguimos caminando en la misma direcci\u00f3n, en busca de una fraternidad cada vez mayor y de la unidad plena. En este retazo de la Tierra Santa que difunde la gracia de los Santos Lugares en el Mediterr\u00e1neo, viene con naturalidad el recuerdo de tantas p\u00e1ginas y figuras b\u00edblicas. Entre todas, quisiera referirme de nuevo a san Bernab\u00e9, destacando algunos aspectos que pueden orientarnos en el camino\u201d, afirm\u00f3 el Papa Francisco.<\/p>\n\n\n\n<p>Primero destac\u00f3 que Bernab\u00e9 \u201csignifica al mismo tiempo \u201chijo del consuelo\u201d e \u201chijo de la exhortaci\u00f3n\u2019\u201d, caracter\u00edsticas \u201cindispensables para el anuncio del Evangelio\u201d. En ese sentido, el Papa asegur\u00f3 que el consuelo verdadero \u201cno puede ser intimista, sino que debe traducirse en exhortaci\u00f3n, orientar la libertad hacia el bien. Al mismo tiempo, cada exhortaci\u00f3n en la fe no puede m\u00e1s que fundarse en la presencia consoladora de Dios y estar acompa\u00f1ada por la caridad fraterna\u201d.<\/p>\n\n\n\n<p>Y anim\u00f3 a seguir el ejemplo de Berbab\u00e9 \u201chijo del consuelo\u201d, para proclamar el Evangelio a los hombres, invit\u00e1ndonos a comprender que el anuncio no puede basarse en exhortaciones generales o la observaci\u00f3n de preceptos y normas, sino que debe realizarse a<\/p>\n\n\n\n<p>trav\u00e9s del encuentro personal \u201cprestar atenci\u00f3n a la preguntas de la gente, a sus necesidades existenciales\u201d.&nbsp;<\/p>\n\n\n\n<p><strong>\u201cPara ser hijos del consuelo, antes de decir cualquier cosa, es necesario escuchar, dejarse interrogar, descubrir al otro, compartir: porque el Evangelio se transmite por la comuni\u00f3n<\/strong>\u201d, afirm\u00f3 y destac\u00f3 que \u00e9sto es lo que desea vivir \u201credescubriendo la dimensi\u00f3n sinodal, constitutiva del ser de la Iglesia\u201d.<\/p>\n\n\n\n<p>El Papa tambi\u00e9n asegur\u00f3 a Su Beatitud Chrysostomos II y con los Obispos ortodoxos que su \u201cexperiencia de su sinodalidad pueden sernos verdaderamente de gran ayuda\u201d y agradeci\u00f3 la colaboraci\u00f3n que mantienen \u201cen la participaci\u00f3n activa en la Comisi\u00f3n mixta internacional para el di\u00e1logo teol\u00f3gico entre la Iglesia cat\u00f3lica y la Iglesia ortodoxa\u201d.<\/p>\n\n\n\n<p><strong>Por eso manifest\u00f3 su deseo de que \u201caumenten las posibilidades de encontrarnos, de conocernos mejor, de derribar muchos preconceptos y de disponernos para una escucha serena de las respectivas experiencias de fe. Ser\u00e1 una exhortaci\u00f3n estimulante para que cada uno ofrezca lo mejor y esto dar\u00e1 un fruto espiritual de consolaci\u00f3n a todos\u201d.&nbsp;<\/strong><\/p>\n\n\n\n<p>En ese esp\u00edritu de colaboraci\u00f3n y uni\u00f3n, el Papa Francisco asegur\u00f3 a la iglesia ortodoxa de Chipre su oraci\u00f3n y cercan\u00eda \u201ctanto en los problemas m\u00e1s dolorosos que los angustian como en las esperanzas m\u00e1s hermosas y audaces que los animan\u201d.&nbsp;<\/p>\n\n\n\n<p>Adem\u00e1s el Papa anim\u00f3 a\u00a0<strong>\u201crevitalizarnos en la comuni\u00f3n y en la misi\u00f3n\u201d despoj\u00e1ndonos de aquello que, \u201caun siendo valioso, es terreno\u201d con el fin de favorecer \u201cla plenitud de la unidad. No me refiero ciertamente a lo que es sagrado y nos ayuda a encontrar<\/strong> <\/p>\n\n\n\n<p><strong>al Se\u00f1or, sino al riesgo de absolutizar ciertos usos y costumbres que no son esenciales para vivir la fe\u201d.&nbsp;<\/strong><\/p>\n\n\n\n<p>En ese sentido el Papa Francisco alert\u00f3 de no dejarse paralizar \u201cpor el temor de abrirnos y de realizar gestos audaces, no secundemos el \u201ccar\u00e1cter irreconciliable de las diferencias\u201d que no encuentra correspondencia en el Evangelio\u201d.&nbsp;<\/p>\n\n\n\n<p><strong>\u201cNo permitamos que las tradiciones \u2014en plural y con la \u201ct\u201d min\u00fascula\u2014 tiendan a prevalecer sobre la Tradici\u00f3n \u2014en singular y con la \u201ct\u201d may\u00fascula\u2014\u201d, afirm\u00f3.&nbsp;<\/strong><\/p>\n\n\n\n<p>Adem\u00e1s anim\u00f3 a \u201cimitar a Bernab\u00e9, a dejar cuanto, aun siendo bueno, puede comprometer la plenitud de la comuni\u00f3n, el primado de la caridad y la necesidad de la unidad\u201d y destac\u00f3 a que \u201ctambi\u00e9n nosotros estamos invitados por el Se\u00f1or a redescubrirnos como <\/p>\n\n\n\n<p>parte del mismo Cuerpo, a abajarnos hasta los pies de los hermanos\u201d.<\/p>\n\n\n\n<p>Por eso, el Papa Francisco afirm\u00f3 que a pesar de que hist\u00f3ricamente se han abierto \u201camplios surcos\u201d entre cat\u00f3licos y ortodoxos, \u201cel Esp\u00edritu Santo desea que volvamos a acercarnos con humildad y respeto\u201d.&nbsp;<\/p>\n\n\n\n<p>\u201c<strong>\u00c9l nos invita a no resignarnos frente a las divisiones del pasado y a cultivar juntos el campo del Reino, con paciencia, asiduidad y de modo concreto. Porque si dejamos de lado teor\u00edas abstractas y trabajamos juntos codo a codo \u2014por ejemplo, en la caridad, en la educaci\u00f3n y en la promoci\u00f3n de la dignidad humana\u2014, redescubriremos al hermano y la comuni\u00f3n madurar\u00e1 por s\u00ed misma, para gloria de Dios. Cada uno<\/strong> <\/p>\n\n\n\n<p><strong>mantendr\u00e1 las propias maneras y el propio estilo pero, con el tiempo, el trabajo conjunto acrecentar\u00e1 la concordia y se mostrar\u00e1 fecundo\u201d, asegur\u00f3<\/strong>.&nbsp;<\/p>\n\n\n\n<p>Y anim\u00f3 a cultivar \u201ccon la ayuda de Dios y con humilde perseverancia, nuestra comuni\u00f3n apost\u00f3lica\u201d.<\/p>\n\n\n\n<p>En ese sentido destac\u00f3 el buen ejemplo de la iglesia de Nuestra Se\u00f1ora de la Ciudad de oro, que es un lugar de culto para diversas confesiones cristianas.\u00a0<\/p>\n\n\n\n<p>\u201cEs por tanto un signo de comuni\u00f3n de fe y de vida, bajo la mirada de la Madre de Dios, que re\u00fane a sus hijos. Adem\u00e1s, dentro del complejo se conserva una columna donde, seg\u00fan la tradici\u00f3n, san Pablo sufri\u00f3 treinta y nueve azotes por haber anunciado la fe en Pafos\u201d, asegur\u00f3 . \u201cLa misi\u00f3n, as\u00ed como la comuni\u00f3n, pasa siempre a trav\u00e9s de sacrificios y pruebas\u201d, asegur\u00f3 y destac\u00f3 el tercer aspecto de la figura de Bernab\u00e9 que pasa \u201cprecisamente una prueba, que marc\u00f3 su historia y los or\u00edgenes de la difusi\u00f3n del Evangelio en estas tierras\u201d.<\/p>\n\n\n\n<p>Y record\u00f3 que al regresar a Chipre con Pablo y Marcos, Bernab\u00e9 encontr\u00f3 a Elimas, \u201cmago y falso profeta\u201d, que se les opuso con malicia, tratando de torcer los caminos derechos del Se\u00f1or. \u00a0<\/p>\n\n\n\n<p>\u201cTampoco hoy faltan falsedades y enga\u00f1os que el pasado nos pone delante y que obstaculizan el camino. Siglos de divisi\u00f3n y distancias que han llevado a asimilar, aun involuntariamente, no pocos prejuicios hostiles respecto a los dem\u00e1s, preconceptos basados a menudo en informaciones deficientes y distorsionadas, divulgadas por unalectura agresiva y pol\u00e9mica\u201d, afirm\u00f3 el Papa.&nbsp;<\/p>\n\n\n\n<p>Por eso asegur\u00f3 que \u201ctodo esto tuerce el camino de Dios, que se orienta hacia la concordia y la unidad\u201d y anim\u00f3 a tomar como ejemplo la santidad de Bernab\u00e9.&nbsp;<\/p>\n\n\n\n<p>\u201cCu\u00e1ntas veces en la historia, entre los mismos cristianos nos hemos preocupado por oponernos a los dem\u00e1s, en lugar de acoger d\u00f3cilmente el camino de Dios, que tiende a recomponer las divisiones en la caridad\u201d y \u201ccu\u00e1ntas veces hemos agrandado y difundido prejuicios sobre los dem\u00e1s, en vez de cumplir la exhortaci\u00f3n que el Se\u00f1or repite especialmente en el Evangelio escrito por Marcos, quien fuera con<\/p>\n\n\n\n<p>Bernab\u00e9 a esta isla: hacerse peque\u00f1os y servir a los dem\u00e1s\u201d, afirm\u00f3 el Papa.<\/p>\n\n\n\n<p>Por eso pidi\u00f3 al Se\u00f1or \u201csabidur\u00eda y valent\u00eda para seguir sus caminos y no los nuestros\u201d y tambi\u00e9n la intercesi\u00f3n de los numerosos beatos y m\u00e1rtires de Chipre.&nbsp;<\/p>\n\n\n\n<p>Tambi\u00e9n pidi\u00f3 a estos santos que Chipre sea un puente entre el cielo y la tierra, porque esta isla ya es un puente entre Oriente y Occidente.&nbsp;<\/p>\n","protected":false},"excerpt":{"rendered":"<p>diariodominicano.com POR\u00a0BLANCA RUIZ\u00a0| ACI Prensa Vaticano, 3 de diciembre, 2021.- Tras el encuentro con Su Beatitud Cris\u00f3stomo II, el Papa Francisco se reuni\u00f3 con el Santo S\u00ednodo, la m\u00e1xima autoridad de la Iglesia Ortodoxa de Chipre, en el que hizo un llamado a seguir trabajando por la unidad de los cristianos, pues \u00abnos une el [&hellip;]<\/p>\n","protected":false},"author":5,"featured_media":313366,"comment_status":"closed","ping_status":"","sticky":true,"template":"","format":"standard","meta":{"footnotes":""},"categories":[23,27],"tags":[],"class_list":["post-313365","post","type-post","status-publish","format-standard","has-post-thumbnail","hentry","category-internacional","category-portada"],"_links":{"self":[{"href":"https:\/\/diariodominicano.com\/index.php?rest_route=\/wp\/v2\/posts\/313365","targetHints":{"allow":["GET"]}}],"collection":[{"href":"https:\/\/diariodominicano.com\/index.php?rest_route=\/wp\/v2\/posts"}],"about":[{"href":"https:\/\/diariodominicano.com\/index.php?rest_route=\/wp\/v2\/types\/post"}],"author":[{"embeddable":true,"href":"https:\/\/diariodominicano.com\/index.php?rest_route=\/wp\/v2\/users\/5"}],"replies":[{"embeddable":true,"href":"https:\/\/diariodominicano.com\/index.php?rest_route=%2Fwp%2Fv2%2Fcomments&post=313365"}],"version-history":[{"count":1,"href":"https:\/\/diariodominicano.com\/index.php?rest_route=\/wp\/v2\/posts\/313365\/revisions"}],"predecessor-version":[{"id":313367,"href":"https:\/\/diariodominicano.com\/index.php?rest_route=\/wp\/v2\/posts\/313365\/revisions\/313367"}],"wp:featuredmedia":[{"embeddable":true,"href":"https:\/\/diariodominicano.com\/index.php?rest_route=\/wp\/v2\/media\/313366"}],"wp:attachment":[{"href":"https:\/\/diariodominicano.com\/index.php?rest_route=%2Fwp%2Fv2%2Fmedia&parent=313365"}],"wp:term":[{"taxonomy":"category","embeddable":true,"href":"https:\/\/diariodominicano.com\/index.php?rest_route=%2Fwp%2Fv2%2Fcategories&post=313365"},{"taxonomy":"post_tag","embeddable":true,"href":"https:\/\/diariodominicano.com\/index.php?rest_route=%2Fwp%2Fv2%2Ftags&post=313365"}],"curies":[{"name":"wp","href":"https:\/\/api.w.org\/{rel}","templated":true}]}}