{"id":313261,"date":"2021-12-02T22:28:41","date_gmt":"2021-12-03T02:28:41","guid":{"rendered":"http:\/\/diariodominicano.com\/?p=313261"},"modified":"2021-12-02T22:28:41","modified_gmt":"2021-12-03T02:28:41","slug":"argentina-extrema-cuidados-ante-variante-omicron-de-covid-19-con-pasaporte-sanitario","status":"publish","type":"post","link":"https:\/\/diariodominicano.com\/?p=313261","title":{"rendered":"Argentina extrema cuidados ante variante \u00f3micron de COVID-19 con pasaporte sanitario"},"content":{"rendered":"\n<h3 class=\"wp-block-heading\">diariodominicano.com<a rel=\"noreferrer noopener\" href=\"https:\/\/www.xinhua-news.com\/gdsdetailxhs\/share\/10679435-?pageflag=iframe\" target=\"_blank\"><\/a><\/h3>\n\n\n\n<pre id=\"text-news-description\" class=\"wp-block-preformatted\">   BUENOS AIRES, 2 dic (Xinhua) -- Argentina prev\u00e9 implementar desde la semana pr\u00f3xima el pasaporte sanitario con el fin de incentivar la vacunaci\u00f3n y extremar los cuidados ante el surgimiento de la variante \u00f3micron de la enfermedad del nuevo coronavirus (COVID-19), afirm\u00f3 hoy jueves la ministra de Salud, Carla Vizzotti.\n   \"Lo que busca es que nos cuidemos entre todos, poner en relevancia lo que significa completar los esquemas de vacunaci\u00f3n\", explic\u00f3 la ministra durante una conferencia de prensa en la provincia de Santa Fe (este), de acuerdo con un reporte de la agencia estatal de noticias T\u00e9lam.\n   Vizzotti se\u00f1al\u00f3 que el implementaci\u00f3n del pase sanitario ser\u00e1 acordada en un trabajo conjunto de la cartera sanitaria con las \u00e1reas de Deportes, Turismo, Cultura y las 24 provincias del pa\u00eds.\n   La ministra aclar\u00f3 que \"no hay una resistencia a vacunarse en la mayor\u00eda de la sociedad, sino que luego de haber pasado la segunda ola y la percepci\u00f3n de riesgo tan alta, hay algunas personas que no priorizaron vacunarse. Esta estrategia (del pase sanitario) es para estimular la vacunaci\u00f3n\".\n   \"Tenemos la franja de edad de entre 18 y 39 a\u00f1os que ha perdido los turnos de la segunda dosis, y eso es seguramente porque perciben que tienen menos riesgo y porque la situaci\u00f3n epidemiol\u00f3gica es muy favorable\", a\u00f1adi\u00f3 la titular de la cartera sanitaria.\n   Vizzotti sostuvo que \"el mensaje para esa franja etaria es que es clave recibir la segunda dosis, reforzar la inmunidad, para que en el momento en que aumente la circulaci\u00f3n viral estemos todos lo m\u00e1s inmunes posible\".\n   El pa\u00eds sudamericano registr\u00f3 su primer caso de COVID-19 en marzo de 2020 y acumul\u00f3 hasta el jueves 5.335.310 contagios y 116.617 decesos, mientras lleva aplicadas 68.874.746 vacunas contra la enfermedad desde diciembre del a\u00f1o pasado, cuando inici\u00f3 la campa\u00f1a de inoculaci\u00f3n.<\/pre>\n","protected":false},"excerpt":{"rendered":"<p>diariodominicano.com BUENOS AIRES, 2 dic (Xinhua) &#8212; Argentina prev\u00e9 implementar desde la semana pr\u00f3xima el pasaporte sanitario con el fin de incentivar la vacunaci\u00f3n y extremar los cuidados ante el surgimiento de la variante \u00f3micron de la enfermedad del nuevo coronavirus (COVID-19), afirm\u00f3 hoy jueves la ministra de Salud, Carla Vizzotti. \u00abLo que busca es [&hellip;]<\/p>\n","protected":false},"author":5,"featured_media":313262,"comment_status":"closed","ping_status":"","sticky":true,"template":"","format":"standard","meta":{"footnotes":""},"categories":[23,27],"tags":[],"class_list":["post-313261","post","type-post","status-publish","format-standard","has-post-thumbnail","hentry","category-internacional","category-portada"],"_links":{"self":[{"href":"https:\/\/diariodominicano.com\/index.php?rest_route=\/wp\/v2\/posts\/313261","targetHints":{"allow":["GET"]}}],"collection":[{"href":"https:\/\/diariodominicano.com\/index.php?rest_route=\/wp\/v2\/posts"}],"about":[{"href":"https:\/\/diariodominicano.com\/index.php?rest_route=\/wp\/v2\/types\/post"}],"author":[{"embeddable":true,"href":"https:\/\/diariodominicano.com\/index.php?rest_route=\/wp\/v2\/users\/5"}],"replies":[{"embeddable":true,"href":"https:\/\/diariodominicano.com\/index.php?rest_route=%2Fwp%2Fv2%2Fcomments&post=313261"}],"version-history":[{"count":1,"href":"https:\/\/diariodominicano.com\/index.php?rest_route=\/wp\/v2\/posts\/313261\/revisions"}],"predecessor-version":[{"id":313263,"href":"https:\/\/diariodominicano.com\/index.php?rest_route=\/wp\/v2\/posts\/313261\/revisions\/313263"}],"wp:featuredmedia":[{"embeddable":true,"href":"https:\/\/diariodominicano.com\/index.php?rest_route=\/wp\/v2\/media\/313262"}],"wp:attachment":[{"href":"https:\/\/diariodominicano.com\/index.php?rest_route=%2Fwp%2Fv2%2Fmedia&parent=313261"}],"wp:term":[{"taxonomy":"category","embeddable":true,"href":"https:\/\/diariodominicano.com\/index.php?rest_route=%2Fwp%2Fv2%2Fcategories&post=313261"},{"taxonomy":"post_tag","embeddable":true,"href":"https:\/\/diariodominicano.com\/index.php?rest_route=%2Fwp%2Fv2%2Ftags&post=313261"}],"curies":[{"name":"wp","href":"https:\/\/api.w.org\/{rel}","templated":true}]}}