{"id":313258,"date":"2021-12-02T22:20:02","date_gmt":"2021-12-03T02:20:02","guid":{"rendered":"http:\/\/diariodominicano.com\/?p=313258"},"modified":"2021-12-02T22:20:02","modified_gmt":"2021-12-03T02:20:02","slug":"anuncian-gran-feria-navidena-del-inespre-del-14-al-16-de-diciembre-2021","status":"publish","type":"post","link":"https:\/\/diariodominicano.com\/?p=313258","title":{"rendered":"Anuncian Gran Feria Navide\u00f1a del Inespre del 14 al 16 de diciembre 2021"},"content":{"rendered":"\n<p>diariodominicano.com<\/p>\n\n\n\n<p>Santo Domingo, R. D., 2 de diciembre, 2021.- El Instituto de Estabilizaci\u00f3n de Precios (INESPRE) realizar\u00e1 una \u00abGran Feria Navide\u00f1a\u201d, como parte de los\u00a0operativos de la Navidad del Cambio que desarrolla el Gobierno dominicano.<\/p>\n\n\n\n<p>La feria ser\u00e1 efectuada del 14 al 16 de diciembre desde 8 de la ma\u00f1ana a 5 de la tarde en los terrenos del antiguo Aeropuerto de Herrera, en la avenida Luper\u00f3n del municipio de Santo Domingo Oeste.<\/p>\n\n\n\n<p>Iv\u00e1n Hern\u00e1ndez Guzm\u00e1n, director del Inespre, indic\u00f3 que \u00abNos complace anunciar la realizaci\u00f3n de esta Gran Feria, en la que comercializaremos cientos de productos de la canasta familiar a bajos costos, combos navide\u00f1os y ofertas especiales\u201d.<\/p>\n\n\n\n<p>Hern\u00e1ndez Guzm\u00e1n inform\u00f3 que tambi\u00e9n habr\u00e1 exhibici\u00f3n de productos y servicios, degustaciones, concursos, actividades art\u00edsticas y otras sorpresas.<\/p>\n\n\n\n<p>\u201cEn esta Gran Feria Navide\u00f1a del Inespre, Navidad del Cambio, tambi\u00e9n participar\u00e1n el Ministerio de Agricultura y otras instituciones del sector agropecuario nacional, as\u00ed como empresas invitadas.<\/p>\n\n\n\n<p>\u201cEl presidente Luis Abinader ha manifestado su deseo de que el pueblo dominicano tenga acceso a alimentos frescos y a precios justos, y eso es lo que estamos realizando desde el Inespre, por lo que hemos incrementado la cantidad de mercados de productores a 58 semanales y 35 bodegas m\u00f3viles cada d\u00eda\u201d, expres\u00f3 el funcionario.<\/p>\n\n\n\n<p>Entre los alimentos que ser\u00e1n vendidos en la feria se encuentran pollos a 150 pesos, papas a 8 pesos la libra y pl\u00e1tanos a peso, arroz, cebolla, pastas, aceite y otros. La misma se desarrollar\u00e1 cumpliendo las medidas sanitarias dispuestas por el Ministerio de Salud P\u00fablica y todos los detalles ser\u00e1n anunciados en las redes sociales @Inesprerd.<\/p>\n\n\n\n<p>Fuente: Direcci\u00f3n de Estrategia y Comunicaci\u00f3n Gubernamental<\/p>\n\n\n\n<p>Ministerio Administrativo de la Presidencia de la Rep\u00fablica Dominicana<\/p>\n","protected":false},"excerpt":{"rendered":"<p>diariodominicano.com Santo Domingo, R. D., 2 de diciembre, 2021.- El Instituto de Estabilizaci\u00f3n de Precios (INESPRE) realizar\u00e1 una \u00abGran Feria Navide\u00f1a\u201d, como parte de los\u00a0operativos de la Navidad del Cambio que desarrolla el Gobierno dominicano. La feria ser\u00e1 efectuada del 14 al 16 de diciembre desde 8 de la ma\u00f1ana a 5 de la tarde [&hellip;]<\/p>\n","protected":false},"author":5,"featured_media":313259,"comment_status":"closed","ping_status":"","sticky":true,"template":"","format":"standard","meta":{"footnotes":""},"categories":[20,27],"tags":[],"class_list":["post-313258","post","type-post","status-publish","format-standard","has-post-thumbnail","hentry","category-dominicana-hoy","category-portada"],"_links":{"self":[{"href":"https:\/\/diariodominicano.com\/index.php?rest_route=\/wp\/v2\/posts\/313258","targetHints":{"allow":["GET"]}}],"collection":[{"href":"https:\/\/diariodominicano.com\/index.php?rest_route=\/wp\/v2\/posts"}],"about":[{"href":"https:\/\/diariodominicano.com\/index.php?rest_route=\/wp\/v2\/types\/post"}],"author":[{"embeddable":true,"href":"https:\/\/diariodominicano.com\/index.php?rest_route=\/wp\/v2\/users\/5"}],"replies":[{"embeddable":true,"href":"https:\/\/diariodominicano.com\/index.php?rest_route=%2Fwp%2Fv2%2Fcomments&post=313258"}],"version-history":[{"count":1,"href":"https:\/\/diariodominicano.com\/index.php?rest_route=\/wp\/v2\/posts\/313258\/revisions"}],"predecessor-version":[{"id":313260,"href":"https:\/\/diariodominicano.com\/index.php?rest_route=\/wp\/v2\/posts\/313258\/revisions\/313260"}],"wp:featuredmedia":[{"embeddable":true,"href":"https:\/\/diariodominicano.com\/index.php?rest_route=\/wp\/v2\/media\/313259"}],"wp:attachment":[{"href":"https:\/\/diariodominicano.com\/index.php?rest_route=%2Fwp%2Fv2%2Fmedia&parent=313258"}],"wp:term":[{"taxonomy":"category","embeddable":true,"href":"https:\/\/diariodominicano.com\/index.php?rest_route=%2Fwp%2Fv2%2Fcategories&post=313258"},{"taxonomy":"post_tag","embeddable":true,"href":"https:\/\/diariodominicano.com\/index.php?rest_route=%2Fwp%2Fv2%2Ftags&post=313258"}],"curies":[{"name":"wp","href":"https:\/\/api.w.org\/{rel}","templated":true}]}}