{"id":313255,"date":"2021-12-02T22:16:12","date_gmt":"2021-12-03T02:16:12","guid":{"rendered":"http:\/\/diariodominicano.com\/?p=313255"},"modified":"2021-12-02T22:16:12","modified_gmt":"2021-12-03T02:16:12","slug":"primer-ministro-frances-ninguna-evidencia-apunta-a-mayor-resistencia-de-omicron-a-vacuna","status":"publish","type":"post","link":"https:\/\/diariodominicano.com\/?p=313255","title":{"rendered":"Primer ministro franc\u00e9s: Ninguna evidencia apunta a mayor resistencia de Omicron a vacuna"},"content":{"rendered":"\n<p>diariodominicano.com<a rel=\"noreferrer noopener\" href=\"https:\/\/www.xinhua-news.com\/gdsdetailxhs\/share\/10679328-?pageflag=iframe\" target=\"_blank\"><\/a><\/p>\n\n\n\n<pre id=\"text-news-description\" class=\"wp-block-preformatted\">   PAR\u00cdS, 2 dic (Xinhua) -- No hay ning\u00fan dato que indique que la variante Omicron es m\u00e1s resistente a las vacunas contra la COVID-19, se\u00f1al\u00f3 hoy el primer ministro de Francia, Jean Castex, en Angulema, suroeste de Francia.\n   \"Ning\u00fan dato consolidado nos permite, hasta ahora, concluir que esta variante es m\u00e1s resistente a la vacuna\", dijo Castex durante una rueda de prensa tras visitar un hospital en Angulema.\n   Los primeros resultados de los estudios cient\u00edficos ser\u00e1n publicados en unos 10 a 15 d\u00edas, indic\u00f3 Castex, quien a\u00f1adi\u00f3 que \"no hay indicios de la llamada ineficiencia de las vacunas contra esta variante\".\n   Castex reafirm\u00f3 la importancia de vacunarse contra el coronavirus y a\u00f1adi\u00f3 que el 90 por ciento de la poblaci\u00f3n francesa ya habr\u00e1 recibido al menos una dosis de una vacuna \"en los pr\u00f3ximos d\u00edas\".\n   \"Es seguro que la quinta ola ya est\u00e1 aqu\u00ed. Es m\u00e1s brutal que la cuarta ola\", advirti\u00f3 Castex.\n   Castex dijo que la situaci\u00f3n de la pandemia es preocupante en Francia debido a que todas las cifras est\u00e1n aumentando, incluyendo un incremento de 60 por ciento de nuevos casos en una semana.\n   El primer ministro dijo que su Gobierno est\u00e1 siguiendo de cerca la situaci\u00f3n de la variante Omicron.\n   Francia ha reportado hasta ahora cuatro casos de la variante Omicron, incluyendo el primer caso de Omicron el martes en Reuni\u00f3n, un territorio franc\u00e9s de ultramar, y tres reportados hoy en Francia metropolitana, todos con antecedentes de viaje a \u00c1frica.\n   Francia report\u00f3 hoy 48.416 nuevos casos de COVID-19 y m\u00e1s de 10.000 pacientes est\u00e1n siendo atendidos en hospitales de todo el pa\u00eds.<\/pre>\n","protected":false},"excerpt":{"rendered":"<p>diariodominicano.com PAR\u00cdS, 2 dic (Xinhua) &#8212; No hay ning\u00fan dato que indique que la variante Omicron es m\u00e1s resistente a las vacunas contra la COVID-19, se\u00f1al\u00f3 hoy el primer ministro de Francia, Jean Castex, en Angulema, suroeste de Francia. \u00abNing\u00fan dato consolidado nos permite, hasta ahora, concluir que esta variante es m\u00e1s resistente a la [&hellip;]<\/p>\n","protected":false},"author":5,"featured_media":313256,"comment_status":"closed","ping_status":"","sticky":true,"template":"","format":"standard","meta":{"footnotes":""},"categories":[23,27],"tags":[],"class_list":["post-313255","post","type-post","status-publish","format-standard","has-post-thumbnail","hentry","category-internacional","category-portada"],"_links":{"self":[{"href":"https:\/\/diariodominicano.com\/index.php?rest_route=\/wp\/v2\/posts\/313255","targetHints":{"allow":["GET"]}}],"collection":[{"href":"https:\/\/diariodominicano.com\/index.php?rest_route=\/wp\/v2\/posts"}],"about":[{"href":"https:\/\/diariodominicano.com\/index.php?rest_route=\/wp\/v2\/types\/post"}],"author":[{"embeddable":true,"href":"https:\/\/diariodominicano.com\/index.php?rest_route=\/wp\/v2\/users\/5"}],"replies":[{"embeddable":true,"href":"https:\/\/diariodominicano.com\/index.php?rest_route=%2Fwp%2Fv2%2Fcomments&post=313255"}],"version-history":[{"count":1,"href":"https:\/\/diariodominicano.com\/index.php?rest_route=\/wp\/v2\/posts\/313255\/revisions"}],"predecessor-version":[{"id":313257,"href":"https:\/\/diariodominicano.com\/index.php?rest_route=\/wp\/v2\/posts\/313255\/revisions\/313257"}],"wp:featuredmedia":[{"embeddable":true,"href":"https:\/\/diariodominicano.com\/index.php?rest_route=\/wp\/v2\/media\/313256"}],"wp:attachment":[{"href":"https:\/\/diariodominicano.com\/index.php?rest_route=%2Fwp%2Fv2%2Fmedia&parent=313255"}],"wp:term":[{"taxonomy":"category","embeddable":true,"href":"https:\/\/diariodominicano.com\/index.php?rest_route=%2Fwp%2Fv2%2Fcategories&post=313255"},{"taxonomy":"post_tag","embeddable":true,"href":"https:\/\/diariodominicano.com\/index.php?rest_route=%2Fwp%2Fv2%2Ftags&post=313255"}],"curies":[{"name":"wp","href":"https:\/\/api.w.org\/{rel}","templated":true}]}}