{"id":313245,"date":"2021-12-02T22:00:19","date_gmt":"2021-12-03T02:00:19","guid":{"rendered":"http:\/\/diariodominicano.com\/?p=313245"},"modified":"2021-12-02T22:00:19","modified_gmt":"2021-12-03T02:00:19","slug":"comunidad-andina-pide-a-ue-fortalecer-cooperacion-birregional-para-acceso-justo-a-vacunas-covid-19","status":"publish","type":"post","link":"https:\/\/diariodominicano.com\/?p=313245","title":{"rendered":"Comunidad Andina pide a UE fortalecer cooperaci\u00f3n birregional para acceso justo a vacunas COVID-19"},"content":{"rendered":"\n<p>diariodominicano.com<a rel=\"noreferrer noopener\" href=\"https:\/\/www.xinhua-news.com\/gdsdetailxhs\/share\/10679221-?pageflag=iframe\" target=\"_blank\"><\/a><\/p>\n\n\n\n<pre id=\"text-news-description\" class=\"wp-block-preformatted\">   QUITO, 2 dic (Xinhua) -- El presidente de Ecuador, Guillermo Lasso, en calidad de presidente \"pro tempore\" de la Comunidad Andina (CAN), pidi\u00f3 hoy a la Uni\u00f3n Europea (UE) fortalecer la cooperaci\u00f3n birregional para un acceso \"justo y equitativo\" a las vacunas contra la enfermedad del nuevo coronavirus (COVID-19).\n   El pedido lo hizo durante un encuentro virtual con autoridades del Consejo Europeo y la Comisi\u00f3n Europea en el que se abord\u00f3 los retos que enfrenta el mundo en el escenario pospandemia y se analiz\u00f3 distintas soluciones reales ante los impactos sociales y econ\u00f3micos causados por la COVID-19.\n   Lasso sostuvo que la cooperaci\u00f3n para alcanzar la recuperaci\u00f3n econ\u00f3mica y social es vital para los pa\u00edses de la Comunidad Andina (Bolivia, Colombia, Ecuador y Per\u00fa).\n   \"Es importante dar una respuesta global y coordinada que garantice a nuestros pueblos el acceso justo y equitativo a las vacunas contra el COVID-19, solo as\u00ed, podremos prevenir la generaci\u00f3n de variantes del virus m\u00e1s agresivas y su diseminaci\u00f3n en el mundo\", apunt\u00f3.\n   El mandatario dijo que al asumir la presidencia de turno de la CAN, el pasado 17 de julio, estableci\u00f3 prioridades estrat\u00e9gicas en su plan de trabajo 2021-2022 como la reactivaci\u00f3n econ\u00f3mica y social y la profundizaci\u00f3n del relacionamiento externo.\n   En ese contexto, indic\u00f3 que la CAN comparte el llamado realizado por la Comunidad de Estados Latinoamericanos y Caribe\u00f1os (CELAC) a la comunidad internacional, y en especial a los pa\u00edses del Grupo de los Veinte (G20), a aceptar con fines de movilidad internacional y admisi\u00f3n a sus pa\u00edses todas las vacunas aprobadas como seguras y efectivas por la Organizaci\u00f3n Mundial de la Salud.\n   \"Eliminar la discriminaci\u00f3n en el reconocimiento de vacunas es fundamental para alcanzar la vacunaci\u00f3n universal\", subray\u00f3 Lasso, cuyo pa\u00eds al igual que los del resto de la regi\u00f3n son unos de los m\u00e1s afectados por la COVID-19 en Am\u00e9rica Latina.\n   La CAN es un mecanismo de integraci\u00f3n subregional que tiene como prop\u00f3sito mejorar el nivel de vida y desarrollo equilibrado de los habitantes de los pa\u00edses miembros mediante la integraci\u00f3n y la cooperaci\u00f3n econ\u00f3mica y social.<\/pre>\n","protected":false},"excerpt":{"rendered":"<p>diariodominicano.com QUITO, 2 dic (Xinhua) &#8212; El presidente de Ecuador, Guillermo Lasso, en calidad de presidente \u00abpro tempore\u00bb de la Comunidad Andina (CAN), pidi\u00f3 hoy a la Uni\u00f3n Europea (UE) fortalecer la cooperaci\u00f3n birregional para un acceso \u00abjusto y equitativo\u00bb a las vacunas contra la enfermedad del nuevo coronavirus (COVID-19). El pedido lo hizo durante [&hellip;]<\/p>\n","protected":false},"author":5,"featured_media":313251,"comment_status":"closed","ping_status":"","sticky":true,"template":"","format":"standard","meta":{"footnotes":""},"categories":[23,27],"tags":[],"class_list":["post-313245","post","type-post","status-publish","format-standard","has-post-thumbnail","hentry","category-internacional","category-portada"],"_links":{"self":[{"href":"https:\/\/diariodominicano.com\/index.php?rest_route=\/wp\/v2\/posts\/313245","targetHints":{"allow":["GET"]}}],"collection":[{"href":"https:\/\/diariodominicano.com\/index.php?rest_route=\/wp\/v2\/posts"}],"about":[{"href":"https:\/\/diariodominicano.com\/index.php?rest_route=\/wp\/v2\/types\/post"}],"author":[{"embeddable":true,"href":"https:\/\/diariodominicano.com\/index.php?rest_route=\/wp\/v2\/users\/5"}],"replies":[{"embeddable":true,"href":"https:\/\/diariodominicano.com\/index.php?rest_route=%2Fwp%2Fv2%2Fcomments&post=313245"}],"version-history":[{"count":1,"href":"https:\/\/diariodominicano.com\/index.php?rest_route=\/wp\/v2\/posts\/313245\/revisions"}],"predecessor-version":[{"id":313252,"href":"https:\/\/diariodominicano.com\/index.php?rest_route=\/wp\/v2\/posts\/313245\/revisions\/313252"}],"wp:featuredmedia":[{"embeddable":true,"href":"https:\/\/diariodominicano.com\/index.php?rest_route=\/wp\/v2\/media\/313251"}],"wp:attachment":[{"href":"https:\/\/diariodominicano.com\/index.php?rest_route=%2Fwp%2Fv2%2Fmedia&parent=313245"}],"wp:term":[{"taxonomy":"category","embeddable":true,"href":"https:\/\/diariodominicano.com\/index.php?rest_route=%2Fwp%2Fv2%2Fcategories&post=313245"},{"taxonomy":"post_tag","embeddable":true,"href":"https:\/\/diariodominicano.com\/index.php?rest_route=%2Fwp%2Fv2%2Ftags&post=313245"}],"curies":[{"name":"wp","href":"https:\/\/api.w.org\/{rel}","templated":true}]}}