{"id":313214,"date":"2021-12-02T20:57:06","date_gmt":"2021-12-03T00:57:06","guid":{"rendered":"http:\/\/diariodominicano.com\/?p=313214"},"modified":"2021-12-02T20:57:06","modified_gmt":"2021-12-03T00:57:06","slug":"ministerio-de-trabajo-invita-a-jornadas-de-empleos-en-moca-puerto-plata-y-san-pedro","status":"publish","type":"post","link":"https:\/\/diariodominicano.com\/?p=313214","title":{"rendered":"Ministerio de Trabajo invita a jornadas de empleos en Moca, Puerto Plata y San Pedro"},"content":{"rendered":"\n<p>diariodominicano.com<\/p>\n\n\n\n<p>Santo Domingo, R. D.,  2 de diciembre, 2021.- El Ministerio de Trabajo invita a las personas interesadas a que depositen sus curr\u00edculos y participen en una jornada de empleos que desarrollaran tres empresas de servicios de manera simult\u00e1nea en Moca, Puerto Plata y San Pedro.<\/p>\n\n\n\n<p>Las jornadas de recepci\u00f3n de curr\u00edculums se llevar\u00e1n a cabo este jueves 3 de diciembre del a\u00f1o en curso, en horario de 9:00 de la ma\u00f1ana a 3:00 de la tarde, de manera simult\u00e1nea en Moca y Puerto Plata.<\/p>\n\n\n\n<p>En Moca, la jornada se desarrollar\u00e1 en la calle Jos\u00e9 Mar\u00eda Michelle esquina Imbert, Plaza CS, 2do Nivel, mientras que, en Puerto Plata, estar\u00e1n recibiendo curr\u00edculums en la calle 12 de Julio, esquina Emilio Prud Homme.<\/p>\n\n\n\n<p>Las vacantes por las que podr\u00e1n optar los participantes en Moca y Puerto Plata son servicio al cliente, seguridad, empacador y cajero.<\/p>\n\n\n\n<p>Los requisitos establecidos son experiencia en el \u00e1rea a aplicar, buenas relaciones humanas y disponibilidad inmediata.<\/p>\n\n\n\n<p>Asimismo, en San Pedro de Macor\u00eds se desarrollar\u00e1 una jornada de empleos el jueves 3 y viernes 4 de diciembre en la Gobernaci\u00f3n Provincial, ubicada en la calle Francisco Dom\u00ednguez Charro No. 11, en horario de 9:00 de la ma\u00f1ana a 2:00 de la tarde.<\/p>\n\n\n\n<p>Las vacantes por las que podr\u00e1n optar son: oficiales y t\u00e9cnicos de mantenimiento, camareros, bartender, ayudante camarero, camarero restaurantes, hostess, bufeteros, ayudantes de cocina, cocineros, pastelero, panadero, carnicero y stewards.<\/p>\n\n\n\n<p>Los requisitos para dichas vacantes son experiencia en las \u00e1reas a aplicar y disponibilidad Inmediata.<\/p>\n\n\n\n<p>Los asistentes deber\u00e1n llevar puestas mascarillas de forma obligatoria, como medida protocolar para la prevenci\u00f3n del contagio del Covid-19.&nbsp;<\/p>\n\n\n\n<p>Los interesados deben registrarse en la p\u00e1gina web: rdtrabaja.mt.gob.do o llamar a los tel\u00e9fonos (809) 889-3404 en Moca; (808) 244-4744 en Puerto Plata; y (809) 486-0815 en San Pedro de Macor\u00eds.<\/p>\n\n\n\n<p>Fuente: Direcci\u00f3n de Estrategia y Comunicaci\u00f3n Gubernamental<\/p>\n\n\n\n<p>Ministerio Administrativo de la Presidencia de la Rep\u00fablica Dominicana<\/p>\n","protected":false},"excerpt":{"rendered":"<p>diariodominicano.com Santo Domingo, R. D., 2 de diciembre, 2021.- El Ministerio de Trabajo invita a las personas interesadas a que depositen sus curr\u00edculos y participen en una jornada de empleos que desarrollaran tres empresas de servicios de manera simult\u00e1nea en Moca, Puerto Plata y San Pedro. Las jornadas de recepci\u00f3n de curr\u00edculums se llevar\u00e1n a [&hellip;]<\/p>\n","protected":false},"author":5,"featured_media":298550,"comment_status":"closed","ping_status":"","sticky":true,"template":"","format":"standard","meta":{"footnotes":""},"categories":[20,27],"tags":[],"class_list":["post-313214","post","type-post","status-publish","format-standard","has-post-thumbnail","hentry","category-dominicana-hoy","category-portada"],"_links":{"self":[{"href":"https:\/\/diariodominicano.com\/index.php?rest_route=\/wp\/v2\/posts\/313214","targetHints":{"allow":["GET"]}}],"collection":[{"href":"https:\/\/diariodominicano.com\/index.php?rest_route=\/wp\/v2\/posts"}],"about":[{"href":"https:\/\/diariodominicano.com\/index.php?rest_route=\/wp\/v2\/types\/post"}],"author":[{"embeddable":true,"href":"https:\/\/diariodominicano.com\/index.php?rest_route=\/wp\/v2\/users\/5"}],"replies":[{"embeddable":true,"href":"https:\/\/diariodominicano.com\/index.php?rest_route=%2Fwp%2Fv2%2Fcomments&post=313214"}],"version-history":[{"count":1,"href":"https:\/\/diariodominicano.com\/index.php?rest_route=\/wp\/v2\/posts\/313214\/revisions"}],"predecessor-version":[{"id":313216,"href":"https:\/\/diariodominicano.com\/index.php?rest_route=\/wp\/v2\/posts\/313214\/revisions\/313216"}],"wp:featuredmedia":[{"embeddable":true,"href":"https:\/\/diariodominicano.com\/index.php?rest_route=\/wp\/v2\/media\/298550"}],"wp:attachment":[{"href":"https:\/\/diariodominicano.com\/index.php?rest_route=%2Fwp%2Fv2%2Fmedia&parent=313214"}],"wp:term":[{"taxonomy":"category","embeddable":true,"href":"https:\/\/diariodominicano.com\/index.php?rest_route=%2Fwp%2Fv2%2Fcategories&post=313214"},{"taxonomy":"post_tag","embeddable":true,"href":"https:\/\/diariodominicano.com\/index.php?rest_route=%2Fwp%2Fv2%2Ftags&post=313214"}],"curies":[{"name":"wp","href":"https:\/\/api.w.org\/{rel}","templated":true}]}}