{"id":313211,"date":"2021-12-02T20:51:42","date_gmt":"2021-12-03T00:51:42","guid":{"rendered":"http:\/\/diariodominicano.com\/?p=313211"},"modified":"2021-12-02T20:51:42","modified_gmt":"2021-12-03T00:51:42","slug":"biden-da-a-conocer-nuevas-medidas-contra-covid-19-tras-confirmarse-segundo-caso-de-omicron-en-eeuu","status":"publish","type":"post","link":"https:\/\/diariodominicano.com\/?p=313211","title":{"rendered":"Biden da a conocer nuevas medidas contra COVID-19 tras confirmarse segundo caso de Omicron en EEUU"},"content":{"rendered":"\n<p>diariodominicano.com<a rel=\"noreferrer noopener\" href=\"https:\/\/www.xinhua-news.com\/gdsdetailxhs\/share\/10679280-?pageflag=iframe\" target=\"_blank\"><\/a><\/p>\n\n\n\n<pre id=\"text-news-description\" class=\"wp-block-preformatted\">   WASHINGTON, 2 dic (Xinhua) -- El presidente de Estados Unidos, Joe Biden, anunci\u00f3 hoy una serie de nuevas medidas para combatir la COVID-19 luego de que se confirmaron dos casos de la variante Omicron en el pa\u00eds.   \n  \"A partir de las recomendaciones combinadas de todos ustedes desarrollamos este plan que no incluye cierres o confinamientos, sino una vacunaci\u00f3n generalizada y refuerzos, la realizaci\u00f3n de pruebas y mucho m\u00e1s\", dijo Biden en un discurso en los Institutos Nacionales de Salud. \n   Biden se\u00f1al\u00f3 que las medidas permitir\u00e1n a las escuelas y a los negocios permanecer abiertos a la vez que mantienen seguros a los estadounidenses. \"Vamos a combatir esta variante con ciencia y con velocidad, no con caos y confusi\u00f3n\", dijo.\n   Las nuevas acciones incluyen ampliar el alcance de las vacunas en todo Estados Unidos, el endurecimiento del protocolo de pruebas COVID antes de partir para todos los viajeros internacionales entrantes, y la presentaci\u00f3n de una prueba negativa realizada 24 horas antes de salir con rumbo a Estados Unidos.\n    Con anterioridad, la administraci\u00f3n Biden anunci\u00f3 restricciones de viaje para personas procedentes de Sud\u00e1frica y de otras siete naciones del sur de \u00c1frica en donde se identific\u00f3 la variante Omicron. \n   Tambi\u00e9n anunci\u00f3 un plan para ampliar el uso obligatorio de mascarillas en los viajes nacionales hasta mediados de marzo, medida que deb\u00eda expirar en enero.\n   El segundo caso de la variante Omicron del coronavirus fue detectado hoy jueves en el estado de Minnesota en el oeste medio de Estados Unidos, un d\u00eda despu\u00e9s de que se confirm\u00f3 el primer caso en California.<\/pre>\n","protected":false},"excerpt":{"rendered":"<p>diariodominicano.com WASHINGTON, 2 dic (Xinhua) &#8212; El presidente de Estados Unidos, Joe Biden, anunci\u00f3 hoy una serie de nuevas medidas para combatir la COVID-19 luego de que se confirmaron dos casos de la variante Omicron en el pa\u00eds. \u00abA partir de las recomendaciones combinadas de todos ustedes desarrollamos este plan que no incluye cierres o [&hellip;]<\/p>\n","protected":false},"author":5,"featured_media":313212,"comment_status":"closed","ping_status":"","sticky":true,"template":"","format":"standard","meta":{"footnotes":""},"categories":[23,27],"tags":[],"class_list":["post-313211","post","type-post","status-publish","format-standard","has-post-thumbnail","hentry","category-internacional","category-portada"],"_links":{"self":[{"href":"https:\/\/diariodominicano.com\/index.php?rest_route=\/wp\/v2\/posts\/313211","targetHints":{"allow":["GET"]}}],"collection":[{"href":"https:\/\/diariodominicano.com\/index.php?rest_route=\/wp\/v2\/posts"}],"about":[{"href":"https:\/\/diariodominicano.com\/index.php?rest_route=\/wp\/v2\/types\/post"}],"author":[{"embeddable":true,"href":"https:\/\/diariodominicano.com\/index.php?rest_route=\/wp\/v2\/users\/5"}],"replies":[{"embeddable":true,"href":"https:\/\/diariodominicano.com\/index.php?rest_route=%2Fwp%2Fv2%2Fcomments&post=313211"}],"version-history":[{"count":1,"href":"https:\/\/diariodominicano.com\/index.php?rest_route=\/wp\/v2\/posts\/313211\/revisions"}],"predecessor-version":[{"id":313213,"href":"https:\/\/diariodominicano.com\/index.php?rest_route=\/wp\/v2\/posts\/313211\/revisions\/313213"}],"wp:featuredmedia":[{"embeddable":true,"href":"https:\/\/diariodominicano.com\/index.php?rest_route=\/wp\/v2\/media\/313212"}],"wp:attachment":[{"href":"https:\/\/diariodominicano.com\/index.php?rest_route=%2Fwp%2Fv2%2Fmedia&parent=313211"}],"wp:term":[{"taxonomy":"category","embeddable":true,"href":"https:\/\/diariodominicano.com\/index.php?rest_route=%2Fwp%2Fv2%2Fcategories&post=313211"},{"taxonomy":"post_tag","embeddable":true,"href":"https:\/\/diariodominicano.com\/index.php?rest_route=%2Fwp%2Fv2%2Ftags&post=313211"}],"curies":[{"name":"wp","href":"https:\/\/api.w.org\/{rel}","templated":true}]}}