{"id":313205,"date":"2021-12-02T20:46:28","date_gmt":"2021-12-03T00:46:28","guid":{"rendered":"http:\/\/diariodominicano.com\/?p=313205"},"modified":"2021-12-02T20:46:28","modified_gmt":"2021-12-03T00:46:28","slug":"rd-y-puerto-rico-firman-declaracion-conjunta-para-promover-y-fortalecer-mecanismos-de-cooperacion-e-intercambio","status":"publish","type":"post","link":"https:\/\/diariodominicano.com\/?p=313205","title":{"rendered":"RD y Puerto Rico firman declaraci\u00f3n conjunta para promover y fortalecer mecanismos de cooperaci\u00f3n e intercambio"},"content":{"rendered":"\n<p>diariodominicano.com<\/p>\n\n\n\n<p>Santo Domingo, R. D.,  2 de diciembre, 2021.-\u00a0La Rep\u00fablica Dominicana y Puerto Rico firmaron este jueves una Declaraci\u00f3n Conjunta para la Alianza Estrat\u00e9gica con\u00a0miras a fortalecer las relaciones comerciales, culturales, deportivas, de cooperaci\u00f3n, entre otras \u00e1reas de inter\u00e9s mutuo.<\/p>\n\n\n\n<p>La declaraci\u00f3n fue firmada por el presidente Luis Abinader y el gobernador de Puerto Rico, Pedro Pierluisi, en el Sal\u00f3n de Embajadores del Palacio Nacional.<\/p>\n\n\n\n<p>El presidente Abinader manifest\u00f3 que, con la firma de este instrumento, se da un renovado impulso a las relaciones entre ambos pa\u00edses. Por ello, para el pr\u00f3ximo a\u00f1o estar\u00e1n actualizando y adecuando acuerdos puntuales en materia de comercio, agricultura, educaci\u00f3n, ambiente y salud para beneficio mutuo.<\/p>\n\n\n\n<p>\u00abEs en ese contexto que nos damos cita este d\u00eda, para renovar y reafirmar nuestros v\u00ednculos y compromisos de promover la prosperidad y los valores humanos, a trav\u00e9s de mecanismos de cooperaci\u00f3n y de intercambio, apuntando al desarrollo del comercio bilateral, las inversiones y el turismo, entre otras prioridades\u00bb, se\u00f1al\u00f3 el gobernante.&nbsp;<\/p>\n\n\n\n<p>Valor\u00f3 el honor, en nombre del Gobierno dominicano y en el suyo propio, de poder ser part\u00edcipe hoy de la firma de este instrumento, el cual posibilitar\u00e1 estrechar a\u00fan m\u00e1s los lazos que lo unen al hermano pueblo de Puerto Rico.<\/p>\n\n\n\n<p>Resalt\u00f3 que Puerto Rico es la primera frontera natural que tiene el pa\u00eds con los Estados Unidos, que es su principal socio comercial que, con US$500 millones de d\u00f3lares al a\u00f1o, representa el 10% de las exportaciones dominicanas al mercado americano y el 5% de las exportaciones totales.<\/p>\n\n\n\n<p>De su lado, el gobernador de Puerto Rico sostuvo que este acuerdo reafirma reconocimiento al valor de trabajar juntos hacia las metas que comparten.&nbsp;<\/p>\n\n\n\n<p>\u201cHoy es un gran d\u00eda para nuestros pueblos, el puertorrique\u00f1o y el dominicano.&nbsp; Hoy reafirmamos nuestra hermandad y esp\u00edritu de colaboraci\u00f3n en busca del progreso y el bienestar com\u00fan de nuestra gente\u201d, expres\u00f3 Pierluisi.<\/p>\n\n\n\n<p>Agreg\u00f3 que la comunidad dominicana en Puerto Rico forma parte integral de la sociedad boricua y los puertorrique\u00f1os que viven y laboran en suelo quisqueyano se unen a este gran pa\u00eds para prosperar juntos.<\/p>\n\n\n\n<p>\u201cY ante las aspiraciones que compartimos como pueblo, de un futuro de progreso para toda nuestra gente, nos unimos para identificar oportunidades comerciales y estrategias empresariales, para promover el intercambio cultural y tur\u00edstico, para construir convenios y profesionalizar nuestras industrias de servicios y para expandir el&nbsp;potencial econ\u00f3mico de la inversi\u00f3n privada, garantizando un gobierno facilitador tanto en Puerto Rico como en la Rep\u00fablica Dominicana\u201d, afirm\u00f3 Pierluisi.<\/p>\n\n\n\n<p>Mediante la declaraci\u00f3n, ambas partes se comprometen a continuar apoyando y fomentando la realizaci\u00f3n de encuentros entre los sectores p\u00fablicos y privados como mecanismo valioso para elevar el intercambio econ\u00f3mico, t\u00e9cnico y cient\u00edfico, mediante la identificaci\u00f3n de oportunidades de inversi\u00f3n conjunta.<\/p>\n\n\n\n<p>Al mismo tiempo, se busca incentivarr el establecimiento de alianzas estrat\u00e9gicas empresariales y comerciales entre ambas econom\u00edas insulares, incluida la promoci\u00f3n de consejos empresariales, c\u00e1maras de comercio, entre otras.<\/p>\n\n\n\n<p>El presidente Abinader expuso que la presente Declaraci\u00f3n Conjunta para la Alianza Estrat\u00e9gica moderniza el Acuerdo de Aguadilla de 2009 y proporciona un marco actualizado, teniendo en cuenta la realidad cambiante de un mundo post COVID-19.&nbsp;<\/p>\n\n\n\n<p>Dijo, adem\u00e1s, que reconocen la importancia de los mecanismos de di\u00e1logo, consulta y coordinaci\u00f3n permanente entre ambos gobiernos, donde est\u00e1 incluida la Comisi\u00f3n Mixta Rep\u00fablica Dominicana-Puerto Rico.<\/p>\n\n\n\n<p>\u201cRep\u00fablica Dominicana y Puerto Rico sostienen una profunda y amplia relaci\u00f3n hist\u00f3rica de amistad que ha beneficiado a ambos pueblos. A lo largo del tiempo, hemos forjado unos v\u00ednculos fuertes, cercanos y duraderos, que nos permiten avanzar en agendas de com\u00fan inter\u00e9s\u201d, indic\u00f3 el mandatario.&nbsp;<\/p>\n\n\n\n<p>El mandatario dominicano record\u00f3 que desde el a\u00f1o 1985 a la fecha se han firmado m\u00e1s de treinta acuerdos en \u00e1reas de cooperaci\u00f3n, seguridad, comercio, agricultura, educaci\u00f3n, cultura, ambiente, entre otros.<\/p>\n\n\n\n<p>Sostuvo que la complementariedad econ\u00f3mica y comercial entre ambas naciones, la presencia de una importante di\u00e1spora dominicana, el DR-CAFTA y las recientes facilidades del visado H2-B, coloca a los dos pueblos en una coyuntura econ\u00f3mica sumamente favorable y que se puede explotar al m\u00e1ximo.<\/p>\n\n\n\n<p>Dijo que son muchos los lazos que unen a sus pa\u00edses en esta historia compartida, y que hoy, con esta alianza, comienzan a escribir de nuevo.&nbsp;<\/p>\n\n\n\n<p>\u00abQuiero aprovechar como dominicano para rememorar la figura de Eugenio Mar\u00eda de Hostos, ese gran antillano que transform\u00f3 el sistema educativo nacional contribuyendo con su visi\u00f3n a fortalecer los tradicionales lazos culturales y sociales de ambos pueblos\u00bb, expres\u00f3.&nbsp;<\/p>\n\n\n\n<p><strong>Alianzas son pieza clave del \u00e9xito<\/strong><\/p>\n\n\n\n<p>El gobernador de Puerto Rico consider\u00f3 que, en el mundo globalizado de hoy, las alianzas son pieza clave del \u00e9xito y que es m\u00e1s lo que se puede construir unidos que separados.&nbsp;<\/p>\n\n\n\n<p>A\u00f1adi\u00f3 que la alianza comercial de esta semana es solo un preludio de todos los avances que est\u00e1n teniendo en la meta com\u00fan de elevar las econom\u00edas, atraer nueva inversi\u00f3n y aumentar el intercambio de conocimiento y de tecnolog\u00eda para crecer las relaciones interestatales.<\/p>\n\n\n\n<p>\u201cAnte desaf\u00edos como el cambio clim\u00e1tico, el COVID-19, y los fen\u00f3menos atmosf\u00e9ricos, hoy nos unimos en la b\u00fasqueda de soluciones compartidas, de iniciativas creativas y de colaboraci\u00f3n participativa\u201d, expuso, al tiempo de sostener que no hay duda de que, con el pasar de los a\u00f1os, ambos pueblos se acercan, se interconectan y crecen m\u00e1s debido a la hermandad que han desarrollado con \u00e9xito.<\/p>\n\n\n\n<p>\u201cAnte nuestras luchas contra la criminalidad y el trasiego de drogas, pactamos para dar la batalla hombro con hombro por la seguridad de nuestros pueblos\u201d, indic\u00f3 Pierluisi.<\/p>\n\n\n\n<p>Manifest\u00f3 que tanto \u00e9l como el presidente Abinader creen en acci\u00f3n y resultados, en que la gente quiere ver el fruto de estas promesas y, por eso, est\u00e1n comprometidos a hacer el trabajo necesario para alcanzar los prop\u00f3sitos y las aspiraciones que han plasmado en este acuerdo.&nbsp;<\/p>\n\n\n\n<p>\u201cA nombre del pueblo de Puerto Rico abrazo al pueblo dominicano y suscribo con honor esta alianza de colaboraci\u00f3n como caudal del rendimiento que les ofreceremos\u201d, agreg\u00f3.<\/p>\n\n\n\n<p>El consultor jur\u00eddico del Poder Ejecutivo, Antoliano Peralta, ley\u00f3 el resumen de la firma de la Declaraci\u00f3n Conjunta&nbsp;que busca incentivar la&nbsp;complementariedad de ambas econom\u00edas, promoviendo la manufactura, la tecnificaci\u00f3n agr\u00edcola, los&nbsp;servicios y otras iniciativas que generen empleos para ambos socios.<\/p>\n\n\n\n<p>Por Rep\u00fablica Dominicana participaron&nbsp;el expresidente Hip\u00f3lito Mej\u00eda; el&nbsp;ministro de Relaciones Exteriores, Roberto \u00c1lvarez y &nbsp;el administrativo de la Presidencia, Jos\u00e9 Ignacio Paliza.&nbsp;&nbsp;<\/p>\n\n\n\n<p>Mientras que por las autoridades extranjeras estuvieron el secretario de Estado de Puerto Rico, Omar Marrero;&nbsp;el encargado de Negocios de la Embajada de los Estados Unidos, Robert W. Thomas, y el secretario de Desarrollo Econ\u00f3mico de Puerto Rico, Manuel Cidre Miranda.&nbsp;<\/p>\n\n\n\n<p>Tambi\u00e9n asistieron el director ejecutivo de la Comisi\u00f3n Mixta Rep\u00fablica Dominicana- Puerto Rico, Virgilio \u00c1lvarez, y el secretario de Estado Adjunto, F\u00e9lix Lizasua\u00edn.<\/p>\n\n\n\n<p>Fuente: Direcci\u00f3n de Estrategia y Comunicaci\u00f3n Gubernamental<\/p>\n\n\n\n<p>Ministerio Administrativo de la Presidencia de la Rep\u00fablica Dominicana<\/p>\n","protected":false},"excerpt":{"rendered":"<p>diariodominicano.com Santo Domingo, R. D., 2 de diciembre, 2021.-\u00a0La Rep\u00fablica Dominicana y Puerto Rico firmaron este jueves una Declaraci\u00f3n Conjunta para la Alianza Estrat\u00e9gica con\u00a0miras a fortalecer las relaciones comerciales, culturales, deportivas, de cooperaci\u00f3n, entre otras \u00e1reas de inter\u00e9s mutuo. La declaraci\u00f3n fue firmada por el presidente Luis Abinader y el gobernador de Puerto Rico, [&hellip;]<\/p>\n","protected":false},"author":5,"featured_media":313209,"comment_status":"closed","ping_status":"","sticky":true,"template":"","format":"standard","meta":{"footnotes":""},"categories":[20,27],"tags":[],"class_list":["post-313205","post","type-post","status-publish","format-standard","has-post-thumbnail","hentry","category-dominicana-hoy","category-portada"],"_links":{"self":[{"href":"https:\/\/diariodominicano.com\/index.php?rest_route=\/wp\/v2\/posts\/313205","targetHints":{"allow":["GET"]}}],"collection":[{"href":"https:\/\/diariodominicano.com\/index.php?rest_route=\/wp\/v2\/posts"}],"about":[{"href":"https:\/\/diariodominicano.com\/index.php?rest_route=\/wp\/v2\/types\/post"}],"author":[{"embeddable":true,"href":"https:\/\/diariodominicano.com\/index.php?rest_route=\/wp\/v2\/users\/5"}],"replies":[{"embeddable":true,"href":"https:\/\/diariodominicano.com\/index.php?rest_route=%2Fwp%2Fv2%2Fcomments&post=313205"}],"version-history":[{"count":1,"href":"https:\/\/diariodominicano.com\/index.php?rest_route=\/wp\/v2\/posts\/313205\/revisions"}],"predecessor-version":[{"id":313210,"href":"https:\/\/diariodominicano.com\/index.php?rest_route=\/wp\/v2\/posts\/313205\/revisions\/313210"}],"wp:featuredmedia":[{"embeddable":true,"href":"https:\/\/diariodominicano.com\/index.php?rest_route=\/wp\/v2\/media\/313209"}],"wp:attachment":[{"href":"https:\/\/diariodominicano.com\/index.php?rest_route=%2Fwp%2Fv2%2Fmedia&parent=313205"}],"wp:term":[{"taxonomy":"category","embeddable":true,"href":"https:\/\/diariodominicano.com\/index.php?rest_route=%2Fwp%2Fv2%2Fcategories&post=313205"},{"taxonomy":"post_tag","embeddable":true,"href":"https:\/\/diariodominicano.com\/index.php?rest_route=%2Fwp%2Fv2%2Ftags&post=313205"}],"curies":[{"name":"wp","href":"https:\/\/api.w.org\/{rel}","templated":true}]}}