{"id":313174,"date":"2021-12-02T20:03:00","date_gmt":"2021-12-03T00:03:00","guid":{"rendered":"http:\/\/diariodominicano.com\/?p=313174"},"modified":"2021-12-02T20:08:43","modified_gmt":"2021-12-03T00:08:43","slug":"fiscalia-de-santiago-obtiene-15-anos-de-prision-contra-tio-politico-de-dos-ninas-por-agresion-y-violacion-sexual","status":"publish","type":"post","link":"https:\/\/diariodominicano.com\/?p=313174","title":{"rendered":"Fiscal\u00eda de Santiago obtiene 15 a\u00f1os de prisi\u00f3n contra t\u00edo pol\u00edtico de dos ni\u00f1as por agresi\u00f3n y violaci\u00f3n sexual"},"content":{"rendered":"\n<p>diariodominicano.com<\/p>\n\n\n\n<p><strong>Santiago, R. D.,  2 de diciembre, 2021.- \u00a0<\/strong>La Fiscal\u00eda de esta demarcaci\u00f3n obtuvo una condena de 15 a\u00f1os de prisi\u00f3n contra un hombre que abusaba sexualmente de sus sobrinas pol\u00edticas de seis y 10 a\u00f1os de edad.<\/p>\n\n\n\n<p>El Cuarto Tribunal Colegiado del Distrito Judicial de Santiago, integrado por las juezas Acassia Reyes, Ingrid Liberato y Yerixa Cabral, declar\u00f3 culpable al imputado, luego de que la fiscal litigante, Aida Medrano Gonell, presentara las pruebas que demuestran su responsabilidad penal.<\/p>\n\n\n\n<p>De acuerdo con el expediente, en numerosas ocasiones, el imputado agred\u00eda sexualmente a las ni\u00f1as, cuando las transportaba en su veh\u00edculo y cuando estaba a solas con ellas en su residencia.<\/p>\n\n\n\n<p>Al identificar da\u00f1os f\u00edsicos en una de las menores de edad, su madre se percat\u00f3 de la situaci\u00f3n y present\u00f3 la denuncia, lo que gener\u00f3 una orden judicial de detenci\u00f3n que se ejecut\u00f3 el 11 de noviembre de 2019.<\/p>\n\n\n\n<p>A estos hechos el Ministerio P\u00fablico atribuy\u00f3 la calificaci\u00f3n jur\u00eddica descrita en los art\u00edculos 309-1, 330 y 331 del C\u00f3digo Penal, modificado por la Ley&nbsp;&nbsp;&nbsp;&nbsp;&nbsp; 24-97, y el art\u00edculo 396, literales B y C, de la Ley 136-03, consistente en violencia basada en g\u00e9nero, agresi\u00f3n sexual, abuso sexual y psicol\u00f3gico.<\/p>\n\n\n\n<p>Fuente:  <strong>Comunicaciones Prensa PGR<\/strong><\/p>\n\n\n\n<p><strong>Direcci\u00f3n de Comunicaci\u00f3n y Prensa<\/strong><\/p>\n\n\n\n<p><strong>Procuradur\u00eda General-Ministerio P\u00fablico RD<\/strong><\/p>\n\n\n\n<p><strong>Jueves, 2 de diciembre de 2021<\/strong><\/p>\n\n\n\n<p><strong>Direcci\u00f3n General de Comunicaciones, Prensa y Relaciones P\u00fablicas<\/strong><\/p>\n\n\n\n<p>Procuradur\u00eda General de la Rep\u00fablica Dominicana<\/p>\n","protected":false},"excerpt":{"rendered":"<p>diariodominicano.com Santiago, R. D., 2 de diciembre, 2021.- \u00a0La Fiscal\u00eda de esta demarcaci\u00f3n obtuvo una condena de 15 a\u00f1os de prisi\u00f3n contra un hombre que abusaba sexualmente de sus sobrinas pol\u00edticas de seis y 10 a\u00f1os de edad. El Cuarto Tribunal Colegiado del Distrito Judicial de Santiago, integrado por las juezas Acassia Reyes, Ingrid Liberato [&hellip;]<\/p>\n","protected":false},"author":5,"featured_media":290218,"comment_status":"closed","ping_status":"","sticky":true,"template":"","format":"standard","meta":{"footnotes":""},"categories":[24,27],"tags":[],"class_list":["post-313174","post","type-post","status-publish","format-standard","has-post-thumbnail","hentry","category-justicia-y-derecho","category-portada"],"_links":{"self":[{"href":"https:\/\/diariodominicano.com\/index.php?rest_route=\/wp\/v2\/posts\/313174","targetHints":{"allow":["GET"]}}],"collection":[{"href":"https:\/\/diariodominicano.com\/index.php?rest_route=\/wp\/v2\/posts"}],"about":[{"href":"https:\/\/diariodominicano.com\/index.php?rest_route=\/wp\/v2\/types\/post"}],"author":[{"embeddable":true,"href":"https:\/\/diariodominicano.com\/index.php?rest_route=\/wp\/v2\/users\/5"}],"replies":[{"embeddable":true,"href":"https:\/\/diariodominicano.com\/index.php?rest_route=%2Fwp%2Fv2%2Fcomments&post=313174"}],"version-history":[{"count":3,"href":"https:\/\/diariodominicano.com\/index.php?rest_route=\/wp\/v2\/posts\/313174\/revisions"}],"predecessor-version":[{"id":313184,"href":"https:\/\/diariodominicano.com\/index.php?rest_route=\/wp\/v2\/posts\/313174\/revisions\/313184"}],"wp:featuredmedia":[{"embeddable":true,"href":"https:\/\/diariodominicano.com\/index.php?rest_route=\/wp\/v2\/media\/290218"}],"wp:attachment":[{"href":"https:\/\/diariodominicano.com\/index.php?rest_route=%2Fwp%2Fv2%2Fmedia&parent=313174"}],"wp:term":[{"taxonomy":"category","embeddable":true,"href":"https:\/\/diariodominicano.com\/index.php?rest_route=%2Fwp%2Fv2%2Fcategories&post=313174"},{"taxonomy":"post_tag","embeddable":true,"href":"https:\/\/diariodominicano.com\/index.php?rest_route=%2Fwp%2Fv2%2Ftags&post=313174"}],"curies":[{"name":"wp","href":"https:\/\/api.w.org\/{rel}","templated":true}]}}