{"id":313065,"date":"2021-12-02T10:33:17","date_gmt":"2021-12-02T14:33:17","guid":{"rendered":"http:\/\/diariodominicano.com\/?p=313065"},"modified":"2021-12-02T10:33:17","modified_gmt":"2021-12-02T14:33:17","slug":"bagricola-impulsa-proyecto-avicola-de-asociacion-de-trabajadores-ciegos","status":"publish","type":"post","link":"https:\/\/diariodominicano.com\/?p=313065","title":{"rendered":"BAGRICOLA impulsa proyecto av\u00edcola de asociaci\u00f3n de trabajadores ciegos"},"content":{"rendered":"\n<p>diariodominicano.com<\/p>\n\n\n\n<p>Santo Domingo, R. D., 2 de diciembre, 2021.-  El Banco Agr\u00edcola (Bagr\u00edcola) y la Asociaci\u00f3n Dominicana de Trabajadores Ciegos (ADTC) anunci\u00f3 un proyecto de producci\u00f3n y comercializaci\u00f3n de pollos de engorde, que arrancar\u00e1 con un pr\u00e9stamo de RD$20 millones del Banco Agr\u00edcola y garantizar\u00e1 empleos directos a cientos de miembros de esa entidad.\u00a0El presidente de la ADTC, Fernando de la Cruz, firm\u00f3 un acuerdo con el administrador del Banco Agr\u00edcola, Fernando Dur\u00e1n; el presidente del el Fondo Especial para el Desarrollo Agropecuario (FEDA), Efra\u00edn Toribio y el director de Ganader\u00eda, Geovanny Antonio Molina, que compromete a esos funcionarios a garantizar el \u00e9xito de esa iniciativa,\u00a0\u00a0<\/p>\n\n\n\n<p>El proyecto, que est\u00e1 ubicado en la comunidad de Haras Nacionales, en Santo Domingo Norte, operar\u00e1 en 10 naves aportadas por la Direcci\u00f3n de Ganader\u00eda del Ministerio de Agricultura.&nbsp;<\/p>\n\n\n\n<p>En tanto que, el Fondo Especial para el Desarrollo Agropecuario (FEDA) y la Direcci\u00f3n de Ganader\u00eda dar\u00e1n a esos emprendedores la asistencia t\u00e9cnica y apoyos necesarios para que el proyecto sea exitoso.&nbsp;<\/p>\n\n\n\n<p>Fernando Dur\u00e1n dijo que esa iniciativa se corresponde con el deseo del presidente Luis Abinader de promover la inclusi\u00f3n y ofrecer oportunidades a sectores que por razones diversas tienen dificultad para incorporarse a iniciativas productivas que les permitan generar ingresos para el sost\u00e9n de sus familias y aportar con su labor al desarrollo del pa\u00eds.&nbsp;<\/p>\n\n\n\n<p>\u201cGarantizar a las personas con dificultad visual la oportunidad de acceso, en igualdad de condiciones y sin discriminaci\u00f3n por razones de discapacidad, a los medios socio-econ\u00f3micos que permitan su desarrollo personal e integraci\u00f3n social, es un compromiso del gobierno del presidente Abinader\u201d, precis\u00f3.&nbsp;<\/p>\n\n\n\n<p>\u00a8Duran se\u00f1alo que hemos estado trabajando con el IDECOOP en la creaci\u00f3n de una cooperativa con este sector e Inform\u00f3 que en los pr\u00f3ximos d\u00edas saldr\u00e1 el decreto presidencial que oficializa la creaci\u00f3n de una cooperativa agropecuaria integrada por personas ciegas.&nbsp;<\/p>\n\n\n\n<p>De su lado, Fernando de la Cruz de la ADTC asegur\u00f3 que \u201ceste proyecto generar\u00e1 muchos empleos a las personas con discapacidad visual y a la vez, garantiza que muchos discapacitados se conviertan en empresarios y sean personas que contribuyen al desarrollo del pa\u00eds con su trabajo\u201d, expres\u00f3 Fernando de la Rosa.&nbsp;<\/p>\n\n\n\n<p>&nbsp;\u201cEste sector es una prioridad \u201c, dijo, tras asegurar que ning\u00fan presidente se hab\u00eda interesado tanto por el bienestar de las personas discapacitadas.&nbsp;<\/p>\n\n\n\n<p>El acto de firma del convenio fue realizado en la sede principal del Bagr\u00edcola, en la avenida George Washington, en la capital.&nbsp;<\/p>\n\n\n\n<p>PIE DE FOTO&nbsp;<\/p>\n\n\n\n<p>El administrador del Banco Agr\u00edcola, Fernando Dur\u00e1n y el director de Ganader\u00eda, Geovanny Antonio Molina, junto a los miembros de la Asociaci\u00f3n Dominicana de Trabajadores Ciegos, durante la firma del convenio, en la sede principal del Bagr\u00edcola, en la capital.\u00a0<\/p>\n\n\n\n<p>Fuente: <\/p>\n\n\n\n<figure class=\"wp-block-table\"><table><tbody><tr><td>  Fuente:  <strong>Pilar Moreno<\/strong><\/td><\/tr><\/tbody><\/table><\/figure>\n\n\n\n<p>DIRECCI\u00d3N DE COMUNICACIONES&nbsp;&nbsp;<\/p>\n\n\n\n<p>02 DE DICIEMBRE DE 2021&nbsp;<\/p>\n","protected":false},"excerpt":{"rendered":"<p>diariodominicano.com Santo Domingo, R. D., 2 de diciembre, 2021.- El Banco Agr\u00edcola (Bagr\u00edcola) y la Asociaci\u00f3n Dominicana de Trabajadores Ciegos (ADTC) anunci\u00f3 un proyecto de producci\u00f3n y comercializaci\u00f3n de pollos de engorde, que arrancar\u00e1 con un pr\u00e9stamo de RD$20 millones del Banco Agr\u00edcola y garantizar\u00e1 empleos directos a cientos de miembros de esa entidad.\u00a0El presidente [&hellip;]<\/p>\n","protected":false},"author":5,"featured_media":313066,"comment_status":"closed","ping_status":"","sticky":true,"template":"","format":"standard","meta":{"footnotes":""},"categories":[20,27],"tags":[],"class_list":["post-313065","post","type-post","status-publish","format-standard","has-post-thumbnail","hentry","category-dominicana-hoy","category-portada"],"_links":{"self":[{"href":"https:\/\/diariodominicano.com\/index.php?rest_route=\/wp\/v2\/posts\/313065","targetHints":{"allow":["GET"]}}],"collection":[{"href":"https:\/\/diariodominicano.com\/index.php?rest_route=\/wp\/v2\/posts"}],"about":[{"href":"https:\/\/diariodominicano.com\/index.php?rest_route=\/wp\/v2\/types\/post"}],"author":[{"embeddable":true,"href":"https:\/\/diariodominicano.com\/index.php?rest_route=\/wp\/v2\/users\/5"}],"replies":[{"embeddable":true,"href":"https:\/\/diariodominicano.com\/index.php?rest_route=%2Fwp%2Fv2%2Fcomments&post=313065"}],"version-history":[{"count":1,"href":"https:\/\/diariodominicano.com\/index.php?rest_route=\/wp\/v2\/posts\/313065\/revisions"}],"predecessor-version":[{"id":313067,"href":"https:\/\/diariodominicano.com\/index.php?rest_route=\/wp\/v2\/posts\/313065\/revisions\/313067"}],"wp:featuredmedia":[{"embeddable":true,"href":"https:\/\/diariodominicano.com\/index.php?rest_route=\/wp\/v2\/media\/313066"}],"wp:attachment":[{"href":"https:\/\/diariodominicano.com\/index.php?rest_route=%2Fwp%2Fv2%2Fmedia&parent=313065"}],"wp:term":[{"taxonomy":"category","embeddable":true,"href":"https:\/\/diariodominicano.com\/index.php?rest_route=%2Fwp%2Fv2%2Fcategories&post=313065"},{"taxonomy":"post_tag","embeddable":true,"href":"https:\/\/diariodominicano.com\/index.php?rest_route=%2Fwp%2Fv2%2Ftags&post=313065"}],"curies":[{"name":"wp","href":"https:\/\/api.w.org\/{rel}","templated":true}]}}