{"id":313054,"date":"2021-12-02T10:01:20","date_gmt":"2021-12-02T14:01:20","guid":{"rendered":"http:\/\/diariodominicano.com\/?p=313054"},"modified":"2021-12-02T10:01:46","modified_gmt":"2021-12-02T14:01:46","slug":"foro-china-celac-favorece-objetivos-estrategicos-e-integracion-en-america-latina","status":"publish","type":"post","link":"https:\/\/diariodominicano.com\/?p=313054","title":{"rendered":"Foro China-CELAC favorece objetivos estrat\u00e9gicos e integraci\u00f3n en Am\u00e9rica Latina"},"content":{"rendered":"\n<p>diariodominicano.com<a rel=\"noreferrer noopener\" href=\"https:\/\/www.xinhua-news.com\/gdsdetailxhs\/share\/10677835-?pageflag=iframe\" target=\"_blank\"><\/a><\/p>\n\n\n\n<pre id=\"text-news-description\" class=\"wp-block-preformatted\">   CARACAS, 2 dic (Xinhua) -- Desde su fundaci\u00f3n en 2014, el Foro China-CELAC (Comunidad de Estados Latinoamericanos y Caribe\u00f1os) ha favorecido los objetivos estrat\u00e9gicos e integraci\u00f3n en esta regi\u00f3n, consideraron analistas venezolanas.\n   Para la presidenta del Centro de Altos Estudios del Desarrollo y las Econom\u00edas Emergentes (CEDEES), Andre\u00edna Taraz\u00f3n, este mecanismo \"es uno de los pocos foros integradores\" operativos en la regi\u00f3n, elevando la relaci\u00f3n de CELAC con China a un nivel superior.\n   Taraz\u00f3n, tambi\u00e9n exministra de la Mujer e Igualdad de G\u00e9nero de Venezuela, declar\u00f3 a Xinhua que, gracias al foro, China ha mejorado su comprensi\u00f3n de una regi\u00f3n \"heterog\u00e9nea desde la perspectiva econ\u00f3mica, pol\u00edtica-ideol\u00f3gica, social y cultural\".\n   Seg\u00fan esta experta, China es un actor internacional importante e interesado en promover nuevos espacios de cooperaci\u00f3n. CELAC, por su parte, considera a China como \"una econom\u00eda pujante, proveedora de manufacturas y transferencia tecnol\u00f3gica\". Y para la regi\u00f3n ha venido siendo \"una poderosa fuente de inversi\u00f3n extranjera\", la segunda del mundo en importancia, analiz\u00f3 la presidenta del CEDEES.\n   Taraz\u00f3n tambi\u00e9n destac\u00f3 el liderazgo \"fundamental\" del presidente chino, Xi Jinping, en las relaciones de China con Am\u00e9rica Latina y el Caribe. \"Se ha demostrado la voluntad pol\u00edtica de la dirigencia china para establecer nuevas maneras de relacionamiento\", coment\u00f3, desde doctrinas \u00fatiles como la comunidad con un futuro compartido para la humanidad hasta hechos contundentes.\n   El Foro China-CELAC, seg\u00fan Taraz\u00f3n, puede \"consolidar alianzas beneficiosas de largo aliento\" no circunscritas en exclusiva a la relaci\u00f3n comercial. \"Puede jugar un papel fundamental en el fortalecimiento del multilateralismo, en aras de construir una gobernanza global m\u00e1s democr\u00e1tica\", opin\u00f3.\n   Por su parte, la directora de la ONG \"Sures\", Mar\u00eda Lucrecia Hern\u00e1ndez, asever\u00f3 que \"el foro est\u00e1 articulando la participaci\u00f3n de CELAC en la Iniciativa de la Franja y la Ruta\".\n   En declaraciones a Xinhua, Hern\u00e1ndez se\u00f1al\u00f3 que China no tiene pretensiones hegem\u00f3nicas, sino que solamente busca promover la paz internacional mediante mecanismos de cooperaci\u00f3n, actuando responsablemente como un \"socio comercial confiable\".\n   Esta especialista en derechos humanos tambi\u00e9n cree que los Gobiernos de la CELAC deben \"prepararse para trabajar de manera coordinada\". Y el foro, a\u00f1adi\u00f3, promueve la consolidaci\u00f3n e integraci\u00f3n del \u00e1rea CELAC. \"Tiene el reto de consolidarse como una plataforma intergubernamental capaz de trazar el marco general integrador de proyectos de infraestructura y conectividad\", asever\u00f3.\n   Seg\u00fan Hern\u00e1ndez, la inclusi\u00f3n de CELAC en la Iniciativa de la Franja y la Ruta ofrece oportunidades para el desarrollo econ\u00f3mico a trav\u00e9s de los proyectos de infraestructura.\n   La regi\u00f3n, resalt\u00f3, tiene entre sus objetivos diversificar sus intercambios, adem\u00e1s de reforzar la cooperaci\u00f3n con China en tecnolog\u00eda, educaci\u00f3n e innovaci\u00f3n; \u00e1reas tambi\u00e9n relevantes para las relaciones internacionales del pa\u00eds asi\u00e1tico.<\/pre>\n\n\n\n<p><\/p>\n","protected":false},"excerpt":{"rendered":"<p>diariodominicano.com CARACAS, 2 dic (Xinhua) &#8212; Desde su fundaci\u00f3n en 2014, el Foro China-CELAC (Comunidad de Estados Latinoamericanos y Caribe\u00f1os) ha favorecido los objetivos estrat\u00e9gicos e integraci\u00f3n en esta regi\u00f3n, consideraron analistas venezolanas. Para la presidenta del Centro de Altos Estudios del Desarrollo y las Econom\u00edas Emergentes (CEDEES), Andre\u00edna Taraz\u00f3n, este mecanismo \u00abes uno de [&hellip;]<\/p>\n","protected":false},"author":5,"featured_media":313056,"comment_status":"closed","ping_status":"","sticky":true,"template":"","format":"standard","meta":{"footnotes":""},"categories":[23,27],"tags":[],"class_list":["post-313054","post","type-post","status-publish","format-standard","has-post-thumbnail","hentry","category-internacional","category-portada"],"_links":{"self":[{"href":"https:\/\/diariodominicano.com\/index.php?rest_route=\/wp\/v2\/posts\/313054","targetHints":{"allow":["GET"]}}],"collection":[{"href":"https:\/\/diariodominicano.com\/index.php?rest_route=\/wp\/v2\/posts"}],"about":[{"href":"https:\/\/diariodominicano.com\/index.php?rest_route=\/wp\/v2\/types\/post"}],"author":[{"embeddable":true,"href":"https:\/\/diariodominicano.com\/index.php?rest_route=\/wp\/v2\/users\/5"}],"replies":[{"embeddable":true,"href":"https:\/\/diariodominicano.com\/index.php?rest_route=%2Fwp%2Fv2%2Fcomments&post=313054"}],"version-history":[{"count":2,"href":"https:\/\/diariodominicano.com\/index.php?rest_route=\/wp\/v2\/posts\/313054\/revisions"}],"predecessor-version":[{"id":313057,"href":"https:\/\/diariodominicano.com\/index.php?rest_route=\/wp\/v2\/posts\/313054\/revisions\/313057"}],"wp:featuredmedia":[{"embeddable":true,"href":"https:\/\/diariodominicano.com\/index.php?rest_route=\/wp\/v2\/media\/313056"}],"wp:attachment":[{"href":"https:\/\/diariodominicano.com\/index.php?rest_route=%2Fwp%2Fv2%2Fmedia&parent=313054"}],"wp:term":[{"taxonomy":"category","embeddable":true,"href":"https:\/\/diariodominicano.com\/index.php?rest_route=%2Fwp%2Fv2%2Fcategories&post=313054"},{"taxonomy":"post_tag","embeddable":true,"href":"https:\/\/diariodominicano.com\/index.php?rest_route=%2Fwp%2Fv2%2Ftags&post=313054"}],"curies":[{"name":"wp","href":"https:\/\/api.w.org\/{rel}","templated":true}]}}