{"id":312967,"date":"2021-12-01T23:09:26","date_gmt":"2021-12-02T03:09:26","guid":{"rendered":"http:\/\/diariodominicano.com\/?p=312967"},"modified":"2021-12-01T23:10:07","modified_gmt":"2021-12-02T03:10:07","slug":"mision-del-ministerio-de-economia-visita-santiago-rodriguez-para-dialogo-con-actores-publicos-y-privados-sobre-presa-boca-de-los-rios","status":"publish","type":"post","link":"https:\/\/diariodominicano.com\/?p=312967","title":{"rendered":"Misi\u00f3n del Ministerio de Econom\u00eda visita Santiago Rodr\u00edguez para di\u00e1logo con actores p\u00fablicos y privados sobre presa Boca de los R\u00edos"},"content":{"rendered":"\n<p>diariodominicano.com<\/p>\n\n\n\n<p>Santiago Rodr\u00edguez, 1 de diciembre, 2021.- Una misi\u00f3n del Ministerio de Econom\u00eda, Planificaci\u00f3n y Desarrollo, encabezada por el ministro Miguel Ceara Hatton, visita desde este mi\u00e9rcoles 1 al jueves 2 de diciembre la citada provincia, con el objetivo de realizar un di\u00e1logo con los agentes p\u00fablicos y privados en torno a la presa Boca de los R\u00edos.<\/p>\n\n\n\n<p>Este mi\u00e9rcoles, el ministro Ceara Hatton y la delegaci\u00f3n sostuvieron una reuni\u00f3n con autoridades locales de la provincia, en la sede de la Gobernaci\u00f3n Provincial. El ministro de Econom\u00eda dijo que el di\u00e1logo tiene un objetivo muy claro que consiste en ponerse de acuerdo en c\u00f3mo el Gobierno va a intervenir en la presa ubicada en Guayub\u00edn.<\/p>\n\n\n\n<p>Ceara Hatton inform\u00f3 que ha sostenido reuniones y di\u00e1logos en Santo Domingo con las autoridades de las instituciones involucradas en este proceso, con miras a buscar soluciones a los diferentes temas planteados.<\/p>\n\n\n\n<p>Explic\u00f3 que por eso participan en las reuniones de trabajo autoridades del Ministerio de Econom\u00eda, Planificaci\u00f3n y Desarrollo, en su calidad de integrante del Gabinete del Sector Agua; del Ministerio de la Vivienda, del Ministerio de Medio Ambiente y Recursos Naturales, del Instituto Nacional de Recursos Hidr\u00e1ulicos, del Instituto Nacional de Aguas Potables y Alcantarillado y de la Empresa de Generaci\u00f3n Hidroel\u00e9ctrica Dominicana.<\/p>\n\n\n\n<p>Fuente: Direcci\u00f3n de Estrategia y Comunicaci\u00f3n Gubernamental<\/p>\n\n\n\n<p>Ministerio Administrativo de la Presidencia de la Rep\u00fablica Dominicana<\/p>\n","protected":false},"excerpt":{"rendered":"<p>diariodominicano.com Santiago Rodr\u00edguez, 1 de diciembre, 2021.- Una misi\u00f3n del Ministerio de Econom\u00eda, Planificaci\u00f3n y Desarrollo, encabezada por el ministro Miguel Ceara Hatton, visita desde este mi\u00e9rcoles 1 al jueves 2 de diciembre la citada provincia, con el objetivo de realizar un di\u00e1logo con los agentes p\u00fablicos y privados en torno a la presa Boca [&hellip;]<\/p>\n","protected":false},"author":5,"featured_media":312971,"comment_status":"closed","ping_status":"","sticky":true,"template":"","format":"standard","meta":{"footnotes":""},"categories":[20,27],"tags":[],"class_list":["post-312967","post","type-post","status-publish","format-standard","has-post-thumbnail","hentry","category-dominicana-hoy","category-portada"],"_links":{"self":[{"href":"https:\/\/diariodominicano.com\/index.php?rest_route=\/wp\/v2\/posts\/312967","targetHints":{"allow":["GET"]}}],"collection":[{"href":"https:\/\/diariodominicano.com\/index.php?rest_route=\/wp\/v2\/posts"}],"about":[{"href":"https:\/\/diariodominicano.com\/index.php?rest_route=\/wp\/v2\/types\/post"}],"author":[{"embeddable":true,"href":"https:\/\/diariodominicano.com\/index.php?rest_route=\/wp\/v2\/users\/5"}],"replies":[{"embeddable":true,"href":"https:\/\/diariodominicano.com\/index.php?rest_route=%2Fwp%2Fv2%2Fcomments&post=312967"}],"version-history":[{"count":1,"href":"https:\/\/diariodominicano.com\/index.php?rest_route=\/wp\/v2\/posts\/312967\/revisions"}],"predecessor-version":[{"id":312970,"href":"https:\/\/diariodominicano.com\/index.php?rest_route=\/wp\/v2\/posts\/312967\/revisions\/312970"}],"wp:featuredmedia":[{"embeddable":true,"href":"https:\/\/diariodominicano.com\/index.php?rest_route=\/wp\/v2\/media\/312971"}],"wp:attachment":[{"href":"https:\/\/diariodominicano.com\/index.php?rest_route=%2Fwp%2Fv2%2Fmedia&parent=312967"}],"wp:term":[{"taxonomy":"category","embeddable":true,"href":"https:\/\/diariodominicano.com\/index.php?rest_route=%2Fwp%2Fv2%2Fcategories&post=312967"},{"taxonomy":"post_tag","embeddable":true,"href":"https:\/\/diariodominicano.com\/index.php?rest_route=%2Fwp%2Fv2%2Ftags&post=312967"}],"curies":[{"name":"wp","href":"https:\/\/api.w.org\/{rel}","templated":true}]}}