{"id":312952,"date":"2021-12-01T22:38:29","date_gmt":"2021-12-02T02:38:29","guid":{"rendered":"http:\/\/diariodominicano.com\/?p=312952"},"modified":"2021-12-01T22:38:29","modified_gmt":"2021-12-02T02:38:29","slug":"uruguay-dejara-de-exigir-prueba-negativa-vih-para-ingreso-a-fuerzas-armadas","status":"publish","type":"post","link":"https:\/\/diariodominicano.com\/?p=312952","title":{"rendered":"Uruguay dejar\u00e1 de exigir prueba negativa VIH para ingreso a Fuerzas Armadas"},"content":{"rendered":"\n<p>diariodominicano.com<a rel=\"noreferrer noopener\" href=\"https:\/\/www.xinhua-news.com\/gdsdetailxhs\/share\/10675117-?pageflag=iframe\" target=\"_blank\"><\/a><\/p>\n\n\n\n<pre id=\"text-news-description\" class=\"wp-block-preformatted\">   MONTEVIDEO, 1 dic (Xinhua) -- Las Fuerzas Armadas de Uruguay dejar\u00e1n de exigir como requisito de ingreso una prueba negativa de VIH (Virus de Inmunodeficiencia Humana), anunci\u00f3 hoy el ministro de Defensa Nacional, Javier Garc\u00eda, en el D\u00eda Mundial de Lucha Contra el SIDA.\n   \"Al d\u00eda de hoy quien sea VIH positivo no puede ingresar a las Fuerzas Armadas\", record\u00f3 Garc\u00eda, y explic\u00f3 que ante los \"avances de la ciencia\" esa prohibici\u00f3n es \"anacr\u00f3nica\" y discriminatoria\".\n   Ese criterio no tiene \"justificaci\u00f3n cient\u00edfica ni t\u00e9cnica\", a\u00f1adi\u00f3 en entrevista con el canal 12 de la televisi\u00f3n local.\n   Agreg\u00f3 que \"ser buen profesional pasa por formarse, instruirse, entrenarse, seguir el conducto del mando, abrazarse a la Constituci\u00f3n y a la ley, pero no es un examen de laboratorio el que te determina ser o no un buen profesional\".\n   Los portadores de VIH que siguen su tratamiento presentan una carga viral \"indetectable\" y \"no transmiten la enfermedad\", enfatiz\u00f3 Garc\u00eda.\n   El ministerio pidi\u00f3 informes t\u00e9cnicos al Servicio de Infectolog\u00eda del Hospital Central de las Fuerzas Armadas y a la C\u00e1tedra de Enfermedades Infecciosas de la Universidad de la Rep\u00fablica.\n   El Servicio de Infectolog\u00eda concluy\u00f3 que \"no hay ning\u00fan sustento o argumento para seguir manteniendo esas prohibiciones\" y el director de la C\u00e1tedra de la Udelar, el profesor Julio Medina, sentenci\u00f3 que \"no hay ning\u00fan criterio t\u00e9cnico que pueda sostener esta medida\", mencion\u00f3 el ministro.<\/pre>\n","protected":false},"excerpt":{"rendered":"<p>diariodominicano.com MONTEVIDEO, 1 dic (Xinhua) &#8212; Las Fuerzas Armadas de Uruguay dejar\u00e1n de exigir como requisito de ingreso una prueba negativa de VIH (Virus de Inmunodeficiencia Humana), anunci\u00f3 hoy el ministro de Defensa Nacional, Javier Garc\u00eda, en el D\u00eda Mundial de Lucha Contra el SIDA. \u00abAl d\u00eda de hoy quien sea VIH positivo no puede [&hellip;]<\/p>\n","protected":false},"author":5,"featured_media":312953,"comment_status":"closed","ping_status":"","sticky":true,"template":"","format":"standard","meta":{"footnotes":""},"categories":[23,27],"tags":[],"class_list":["post-312952","post","type-post","status-publish","format-standard","has-post-thumbnail","hentry","category-internacional","category-portada"],"_links":{"self":[{"href":"https:\/\/diariodominicano.com\/index.php?rest_route=\/wp\/v2\/posts\/312952","targetHints":{"allow":["GET"]}}],"collection":[{"href":"https:\/\/diariodominicano.com\/index.php?rest_route=\/wp\/v2\/posts"}],"about":[{"href":"https:\/\/diariodominicano.com\/index.php?rest_route=\/wp\/v2\/types\/post"}],"author":[{"embeddable":true,"href":"https:\/\/diariodominicano.com\/index.php?rest_route=\/wp\/v2\/users\/5"}],"replies":[{"embeddable":true,"href":"https:\/\/diariodominicano.com\/index.php?rest_route=%2Fwp%2Fv2%2Fcomments&post=312952"}],"version-history":[{"count":1,"href":"https:\/\/diariodominicano.com\/index.php?rest_route=\/wp\/v2\/posts\/312952\/revisions"}],"predecessor-version":[{"id":312954,"href":"https:\/\/diariodominicano.com\/index.php?rest_route=\/wp\/v2\/posts\/312952\/revisions\/312954"}],"wp:featuredmedia":[{"embeddable":true,"href":"https:\/\/diariodominicano.com\/index.php?rest_route=\/wp\/v2\/media\/312953"}],"wp:attachment":[{"href":"https:\/\/diariodominicano.com\/index.php?rest_route=%2Fwp%2Fv2%2Fmedia&parent=312952"}],"wp:term":[{"taxonomy":"category","embeddable":true,"href":"https:\/\/diariodominicano.com\/index.php?rest_route=%2Fwp%2Fv2%2Fcategories&post=312952"},{"taxonomy":"post_tag","embeddable":true,"href":"https:\/\/diariodominicano.com\/index.php?rest_route=%2Fwp%2Fv2%2Ftags&post=312952"}],"curies":[{"name":"wp","href":"https:\/\/api.w.org\/{rel}","templated":true}]}}