{"id":312946,"date":"2021-12-01T22:21:49","date_gmt":"2021-12-02T02:21:49","guid":{"rendered":"http:\/\/diariodominicano.com\/?p=312946"},"modified":"2021-12-01T22:21:49","modified_gmt":"2021-12-02T02:21:49","slug":"eeuu-reporta-primer-caso-de-variante-omicron-en-california","status":"publish","type":"post","link":"https:\/\/diariodominicano.com\/?p=312946","title":{"rendered":"EEUU reporta primer caso de variante Omicron en California"},"content":{"rendered":"\n<p>diariodominicano.com<a rel=\"noreferrer noopener\" href=\"https:\/\/www.xinhua-news.com\/gdsdetailxhs\/share\/10675127-?pageflag=iframe\" target=\"_blank\"><\/a><\/p>\n\n\n\n<pre id=\"text-news-description\" class=\"wp-block-preformatted\">   LOS \u00c1NGELES, 1 dic (Xinhua) -- Estados Unidos identific\u00f3 el primer caso confirmado en el pa\u00eds de la variante Omicron del coronavirus en el estado de California, informaron hoy mi\u00e9rcoles las autoridades de salud.\n   Los departamentos de Salud P\u00fablica de California y San Francisco confirmaron que un caso reciente de COVID-19 de un individuo en California fue causado por la variante Omicron. El individuo es un viajero que regres\u00f3 de Sud\u00e1frica el 22 de noviembre, informaron en un bolet\u00edn de prensa los Centros para el Control y Prevenci\u00f3n de Enfermedades de Estados Unidos (CDC, por sus siglas en ingl\u00e9s).\n   Funcionarios se\u00f1alaron que la secuencia gen\u00f3mica fue realizada en la Universidad de California, San Francisco, y confirmada en los CDC como la variante Omicron detectada por primera ocasi\u00f3n el mes pasado en el sur de \u00c1frica.\n   El individuo, que estaba vacunado por completo y ten\u00eda s\u00edntomas leves que est\u00e1n mejorando, se puso en cuarentena y desde entonces ha dado positivo en las pruebas realizadas. Todos sus contactos cercanos han sido notificados y han dado negativo, indicaron los CDC.\n   La agencia de salud indic\u00f3 que la aparici\u00f3n de la variante \"enfatiza la importancia de la vacunaci\u00f3n, de las dosis de refuerzo y de las estrategias de prevenci\u00f3n generales necesarias para protegerse de la COVID-19. Todas las personas de cinco a\u00f1os o m\u00e1s deben vacunarse, y los refuerzos son recomendados para todas las personas de 18 a\u00f1os o m\u00e1s\".\n   La semana pasada, Sud\u00e1frica report\u00f3 la variante a la Organizaci\u00f3n Mundial de la Salud y la agencia describi\u00f3 a Omicron como \"variante de preocupaci\u00f3n\". La administraci\u00f3n de Joe Biden respondi\u00f3 anunciando restricciones de viaje para ocho pa\u00edses de \u00c1frica meridional. <\/pre>\n","protected":false},"excerpt":{"rendered":"<p>diariodominicano.com LOS \u00c1NGELES, 1 dic (Xinhua) &#8212; Estados Unidos identific\u00f3 el primer caso confirmado en el pa\u00eds de la variante Omicron del coronavirus en el estado de California, informaron hoy mi\u00e9rcoles las autoridades de salud. Los departamentos de Salud P\u00fablica de California y San Francisco confirmaron que un caso reciente de COVID-19 de un individuo [&hellip;]<\/p>\n","protected":false},"author":5,"featured_media":312947,"comment_status":"closed","ping_status":"","sticky":true,"template":"","format":"standard","meta":{"footnotes":""},"categories":[23,27],"tags":[],"class_list":["post-312946","post","type-post","status-publish","format-standard","has-post-thumbnail","hentry","category-internacional","category-portada"],"_links":{"self":[{"href":"https:\/\/diariodominicano.com\/index.php?rest_route=\/wp\/v2\/posts\/312946","targetHints":{"allow":["GET"]}}],"collection":[{"href":"https:\/\/diariodominicano.com\/index.php?rest_route=\/wp\/v2\/posts"}],"about":[{"href":"https:\/\/diariodominicano.com\/index.php?rest_route=\/wp\/v2\/types\/post"}],"author":[{"embeddable":true,"href":"https:\/\/diariodominicano.com\/index.php?rest_route=\/wp\/v2\/users\/5"}],"replies":[{"embeddable":true,"href":"https:\/\/diariodominicano.com\/index.php?rest_route=%2Fwp%2Fv2%2Fcomments&post=312946"}],"version-history":[{"count":1,"href":"https:\/\/diariodominicano.com\/index.php?rest_route=\/wp\/v2\/posts\/312946\/revisions"}],"predecessor-version":[{"id":312948,"href":"https:\/\/diariodominicano.com\/index.php?rest_route=\/wp\/v2\/posts\/312946\/revisions\/312948"}],"wp:featuredmedia":[{"embeddable":true,"href":"https:\/\/diariodominicano.com\/index.php?rest_route=\/wp\/v2\/media\/312947"}],"wp:attachment":[{"href":"https:\/\/diariodominicano.com\/index.php?rest_route=%2Fwp%2Fv2%2Fmedia&parent=312946"}],"wp:term":[{"taxonomy":"category","embeddable":true,"href":"https:\/\/diariodominicano.com\/index.php?rest_route=%2Fwp%2Fv2%2Fcategories&post=312946"},{"taxonomy":"post_tag","embeddable":true,"href":"https:\/\/diariodominicano.com\/index.php?rest_route=%2Fwp%2Fv2%2Ftags&post=312946"}],"curies":[{"name":"wp","href":"https:\/\/api.w.org\/{rel}","templated":true}]}}