{"id":312931,"date":"2021-12-01T22:07:21","date_gmt":"2021-12-02T02:07:21","guid":{"rendered":"http:\/\/diariodominicano.com\/?p=312931"},"modified":"2021-12-01T22:07:21","modified_gmt":"2021-12-02T02:07:21","slug":"gobierno-cancela-autorizacion-para-intervenir-el-rio-yuna-por-infracciones-a-las-normas-medioambientales","status":"publish","type":"post","link":"https:\/\/diariodominicano.com\/?p=312931","title":{"rendered":"Gobierno cancela autorizaci\u00f3n para intervenir el R\u00edo Yuna, por infracciones a las normas medioambientales"},"content":{"rendered":"\n<p>diariodominicano.com<\/p>\n\n\n\n<p>Santo Domingo, R. D., 1 de diciembre,  2021.- El Gobierno, por medio del Ministerio de Medio Ambiente y Recursos Naturales cancel\u00f3 mediante resoluci\u00f3n administrativa la autorizaci\u00f3n que hab\u00eda otorgado a la empresa Moya &amp; Mustaf\u00e1 Grupo Minero, para la adecuaci\u00f3n del cauce del R\u00edo Yuna, tras comprobar que esta compa\u00f1\u00eda cometi\u00f3 violaciones al referido permiso y, por ende, a la normativa medioambiental vigente en el pa\u00eds.<\/p>\n\n\n\n<p>La cancelaci\u00f3n de la autorizaci\u00f3n es la primera medida tomada ante la situaci\u00f3n reportada, de conformidad con el art\u00edculo 8 de la Ley 64-00, el cual indica que prevalecer\u00e1 el criterio de prevenci\u00f3n.<\/p>\n\n\n\n<p>Luego de que nuestros t\u00e9cnicos concluyan el informe final del caso, se establecer\u00e1n las sanciones pertinentes que pudieran ser multas o sometimiento judicial.<\/p>\n\n\n\n<p>La autorizaci\u00f3n VSA-062021-1009 de fecha 15 de junio del 2021, que fue violada por Moya &amp; Mustaf\u00e1 Grupo Minero, ten\u00eda como objetivo mejorar el cauce del Yuna en un tramo de aproximadamente 500 metros, para evitar inundaciones y deslizamientos de tierra que afectan a las poblaciones aleda\u00f1as y propiedades de particulares.<\/p>\n\n\n\n<p>La misma permit\u00eda a la empresa el aprovechamiento de 15,000 m<sup>3&nbsp;<\/sup>de material en el \u00e1rea del R\u00edo Yuna ubicada en la secci\u00f3n Los Corozos del municipio Cotu\u00ed, provincia S\u00e1nchez Ram\u00edrez.<\/p>\n\n\n\n<p>Sin embargo, las informaciones obtenidas con la inspecci\u00f3n levantada por los t\u00e9cnicos del Ministerio de Medio Ambiente que dieron seguimiento en el terreno a las actividades de la compa\u00f1\u00eda, reflejan de manera consistente las violaciones cometidas por Moya &amp; Mustaf\u00e1 Grupo Minero a la Ley 64-00 de Medio Ambiente y Recursos Naturales, as\u00ed como a otras normas y reglamentos medioambientales.<\/p>\n\n\n\n<p>La cancelaci\u00f3n fue ordenada por el ministro Orlando Jorge Mera tras recibir la informaci\u00f3n t\u00e9cnica de lugar.<\/p>\n\n\n\n<p>Mediante la autorizaci\u00f3n VSA-062021-1009, el se\u00f1alado grupo minero ten\u00eda la responsabilidad de mantener como l\u00edmite la actividad el \u00e1rea anteriormente descrita y evitar que la incursi\u00f3n en el terreno afectara los cursos de agua perif\u00e9ricos y aprovechamiento del recurso agua en t\u00e9rminos generales.<\/p>\n\n\n\n<p>Asimismo, no afectar propiedades circundantes durante sus operaciones, colocar un sistema de se\u00f1alizaci\u00f3n vial, aplicar las medidas de control para el manejo adecuado del tr\u00e1nsito vehicular y notificar el inicio de las operaciones, en virtud de que el \u00e1rea deber\u00eda tener la garant\u00eda de un manejo adecuado.<\/p>\n\n\n\n<p>El Ministerio de Medio Ambiente y recursos Naturales agradece la labor constante de denuncia de la poblaci\u00f3n a trav\u00e9s de diversos medios y reitera que mantiene una vigilancia estricta para impedir cualquier tipo de actividad que represente una amenaza para los recursos naturales en todo el territorio nacional.<\/p>\n\n\n\n<p>Fuente: Direcci\u00f3n de Estrategia y Comunicaci\u00f3n Gubernamental<\/p>\n\n\n\n<p>Ministerio Administrativo de la Presidencia de la Rep\u00fablica Dominicana<\/p>\n","protected":false},"excerpt":{"rendered":"<p>diariodominicano.com Santo Domingo, R. D., 1 de diciembre, 2021.- El Gobierno, por medio del Ministerio de Medio Ambiente y Recursos Naturales cancel\u00f3 mediante resoluci\u00f3n administrativa la autorizaci\u00f3n que hab\u00eda otorgado a la empresa Moya &amp; Mustaf\u00e1 Grupo Minero, para la adecuaci\u00f3n del cauce del R\u00edo Yuna, tras comprobar que esta compa\u00f1\u00eda cometi\u00f3 violaciones al referido [&hellip;]<\/p>\n","protected":false},"author":5,"featured_media":312760,"comment_status":"closed","ping_status":"","sticky":true,"template":"","format":"standard","meta":{"footnotes":""},"categories":[20,27],"tags":[],"class_list":["post-312931","post","type-post","status-publish","format-standard","has-post-thumbnail","hentry","category-dominicana-hoy","category-portada"],"_links":{"self":[{"href":"https:\/\/diariodominicano.com\/index.php?rest_route=\/wp\/v2\/posts\/312931","targetHints":{"allow":["GET"]}}],"collection":[{"href":"https:\/\/diariodominicano.com\/index.php?rest_route=\/wp\/v2\/posts"}],"about":[{"href":"https:\/\/diariodominicano.com\/index.php?rest_route=\/wp\/v2\/types\/post"}],"author":[{"embeddable":true,"href":"https:\/\/diariodominicano.com\/index.php?rest_route=\/wp\/v2\/users\/5"}],"replies":[{"embeddable":true,"href":"https:\/\/diariodominicano.com\/index.php?rest_route=%2Fwp%2Fv2%2Fcomments&post=312931"}],"version-history":[{"count":1,"href":"https:\/\/diariodominicano.com\/index.php?rest_route=\/wp\/v2\/posts\/312931\/revisions"}],"predecessor-version":[{"id":312945,"href":"https:\/\/diariodominicano.com\/index.php?rest_route=\/wp\/v2\/posts\/312931\/revisions\/312945"}],"wp:featuredmedia":[{"embeddable":true,"href":"https:\/\/diariodominicano.com\/index.php?rest_route=\/wp\/v2\/media\/312760"}],"wp:attachment":[{"href":"https:\/\/diariodominicano.com\/index.php?rest_route=%2Fwp%2Fv2%2Fmedia&parent=312931"}],"wp:term":[{"taxonomy":"category","embeddable":true,"href":"https:\/\/diariodominicano.com\/index.php?rest_route=%2Fwp%2Fv2%2Fcategories&post=312931"},{"taxonomy":"post_tag","embeddable":true,"href":"https:\/\/diariodominicano.com\/index.php?rest_route=%2Fwp%2Fv2%2Ftags&post=312931"}],"curies":[{"name":"wp","href":"https:\/\/api.w.org\/{rel}","templated":true}]}}