{"id":312898,"date":"2021-12-01T21:14:10","date_gmt":"2021-12-02T01:14:10","guid":{"rendered":"http:\/\/diariodominicano.com\/?p=312898"},"modified":"2021-12-01T21:14:10","modified_gmt":"2021-12-02T01:14:10","slug":"residentes-en-don-juan-monte-plata-reciben-farmacia-del-pueblo","status":"publish","type":"post","link":"https:\/\/diariodominicano.com\/?p=312898","title":{"rendered":"Residentes en Don Juan, Monte Plata, reciben Farmacia del Pueblo"},"content":{"rendered":"\n<p>diariodominicano.com<\/p>\n\n\n\n<p>Don Juan, Monte Plata, 1 de diciembre, 2021. &#8211; El Programa de Medicamentos Esenciales y Central de Apoyo Log\u00edstico (Promese\/Cal), dej\u00f3 en funcionamiento una nueva Farmacia del Pueblo que beneficiar\u00e1 alrededor de 7,313 habitantes del distrito municipal Don Juan, en esta provincia.\u00a0\u00a0\u00a0\u00a0\u00a0\u00a0\u00a0\u00a0\u00a0\u00a0\u00a0\u00a0\u00a0\u00a0\u00a0\u00a0\u00a0\u00a0\u00a0\u00a0\u00a0\u00a0\u00a0\u00a0\u00a0\u00a0\u00a0\u00a0\u00a0\u00a0<\/p>\n\n\n\n<p>El director general de Promese\/Cal, Adolfo P\u00e9rez, inform\u00f3 que Monte Plata cuenta ahora con 15 Farmacias del Pueblo y que la meta es seguir llevando a m\u00e1s distritos municipales este tipo de establecimientos, para que la gente tenga mayores facilidades a la hora de adquirir sus medicamentos.<\/p>\n\n\n\n<p>P\u00e9rez dijo que, gracias al apoyo del presidente de la Rep\u00fablica, Luis Abinader, la instituci\u00f3n que dirige puede abrir y abastecer nuevas farmacias, con la particularidad de dispensar medicamentos de calidad a bajos precios a los m\u00e1s necesitados.<\/p>\n\n\n\n<p>Entre las comunidades beneficiadas con la puesta en servicio de esta farmacia, ubicada en el centro de Primer Nivel de Atenci\u00f3n Don Juan, figuran el Batey Guazumita, Fr\u00edas, Batey Bermejo, Triple Ozama, El Bosque y El Dean.<\/p>\n\n\n\n<p>La nueva Farmacia del Pueblo dispensar\u00e1 los medicamentos esenciales del Cuadro B\u00e1sico, entre estos, antihipertensivos, para diab\u00e9ticos, antiinflamatorios, antigripales, analg\u00e9sicos y vitaminas, as\u00ed como insumos hospitalarios.<\/p>\n\n\n\n<p>La farmacia ofrecer\u00e1 servicios de lunes a viernes de 08:00 de la ma\u00f1ana a 06:00 de la tarde, al igual que los fines de semana de 08:00 de la ma\u00f1ana a 04:00 de la tarde.<\/p>\n\n\n\n<p>Fuente: Direcci\u00f3n de Estrategia y Comunicaci\u00f3n Gubernamental<\/p>\n\n\n\n<p>Ministerio Administrativo de la Presidencia de la Rep\u00fablica Dominicana<\/p>\n","protected":false},"excerpt":{"rendered":"<p>diariodominicano.com Don Juan, Monte Plata, 1 de diciembre, 2021. &#8211; El Programa de Medicamentos Esenciales y Central de Apoyo Log\u00edstico (Promese\/Cal), dej\u00f3 en funcionamiento una nueva Farmacia del Pueblo que beneficiar\u00e1 alrededor de 7,313 habitantes del distrito municipal Don Juan, en esta provincia.\u00a0\u00a0\u00a0\u00a0\u00a0\u00a0\u00a0\u00a0\u00a0\u00a0\u00a0\u00a0\u00a0\u00a0\u00a0\u00a0\u00a0\u00a0\u00a0\u00a0\u00a0\u00a0\u00a0\u00a0\u00a0\u00a0\u00a0\u00a0\u00a0\u00a0 El director general de Promese\/Cal, Adolfo P\u00e9rez, inform\u00f3 que Monte Plata cuenta [&hellip;]<\/p>\n","protected":false},"author":5,"featured_media":312899,"comment_status":"closed","ping_status":"","sticky":true,"template":"","format":"standard","meta":{"footnotes":""},"categories":[20,27],"tags":[],"class_list":["post-312898","post","type-post","status-publish","format-standard","has-post-thumbnail","hentry","category-dominicana-hoy","category-portada"],"_links":{"self":[{"href":"https:\/\/diariodominicano.com\/index.php?rest_route=\/wp\/v2\/posts\/312898","targetHints":{"allow":["GET"]}}],"collection":[{"href":"https:\/\/diariodominicano.com\/index.php?rest_route=\/wp\/v2\/posts"}],"about":[{"href":"https:\/\/diariodominicano.com\/index.php?rest_route=\/wp\/v2\/types\/post"}],"author":[{"embeddable":true,"href":"https:\/\/diariodominicano.com\/index.php?rest_route=\/wp\/v2\/users\/5"}],"replies":[{"embeddable":true,"href":"https:\/\/diariodominicano.com\/index.php?rest_route=%2Fwp%2Fv2%2Fcomments&post=312898"}],"version-history":[{"count":1,"href":"https:\/\/diariodominicano.com\/index.php?rest_route=\/wp\/v2\/posts\/312898\/revisions"}],"predecessor-version":[{"id":312900,"href":"https:\/\/diariodominicano.com\/index.php?rest_route=\/wp\/v2\/posts\/312898\/revisions\/312900"}],"wp:featuredmedia":[{"embeddable":true,"href":"https:\/\/diariodominicano.com\/index.php?rest_route=\/wp\/v2\/media\/312899"}],"wp:attachment":[{"href":"https:\/\/diariodominicano.com\/index.php?rest_route=%2Fwp%2Fv2%2Fmedia&parent=312898"}],"wp:term":[{"taxonomy":"category","embeddable":true,"href":"https:\/\/diariodominicano.com\/index.php?rest_route=%2Fwp%2Fv2%2Fcategories&post=312898"},{"taxonomy":"post_tag","embeddable":true,"href":"https:\/\/diariodominicano.com\/index.php?rest_route=%2Fwp%2Fv2%2Ftags&post=312898"}],"curies":[{"name":"wp","href":"https:\/\/api.w.org\/{rel}","templated":true}]}}