{"id":312892,"date":"2021-12-01T20:57:50","date_gmt":"2021-12-02T00:57:50","guid":{"rendered":"http:\/\/diariodominicano.com\/?p=312892"},"modified":"2021-12-01T20:57:50","modified_gmt":"2021-12-02T00:57:50","slug":"aird-reconoce-al-ministerio-de-industria-y-comercio-con-galardon-a-la-labor-institucional-en-apoyo-al-sector-industrial","status":"publish","type":"post","link":"https:\/\/diariodominicano.com\/?p=312892","title":{"rendered":"AIRD reconoce al Ministerio de Industria y Comercio con galard\u00f3n a la Labor Institucional en Apoyo al Sector Industrial"},"content":{"rendered":"\n<p>diariodominicano.com<\/p>\n\n\n\n<p>Santo Domingo, R. D.,  1 de diciembre, 2021.- La Asociaci\u00f3n de Industrias de la Rep\u00fablica Dominicana (AIRD) reconoci\u00f3 los esfuerzos impulsados desde el Ministerio de Industria, Comercio y Mipymes (MICM), para reactivar la industria nacional y otorg\u00f3 el galard\u00f3n a la Labor Institucional en Apoyo al Sector Industrial 2021 m\u00e1xima distinci\u00f3n para reconocer la contribuci\u00f3n al sector.<\/p>\n\n\n\n<p>La AIRD reconoci\u00f3 el liderazgo del MICM de cara a la reactivaci\u00f3n industrial a trav\u00e9s de la puesta en marcha de proyectos e iniciativas de valor estrat\u00e9gico para el aparato productivo, as\u00ed como el mantenimiento de un estilo de gesti\u00f3n fundamentado en la concertaci\u00f3n, las alianzas y la facilitaci\u00f3n de procesos para la industria. Adem\u00e1s, destaca su contribuci\u00f3n al desarrollo social, aportes innovadores, contribuci\u00f3n al sector manufacturero, proyectos de cooperaci\u00f3n con instituciones gubernamentales para el desarrollo de la industria y el apoyo y defensa del sector manufacturero dominicano.<\/p>\n\n\n\n<p>Al recibir esta distinci\u00f3n, el ministro V\u00edctor -Ito- Bison\u00f3 destac\u00f3 que al asumir las riendas del pa\u00eds hace poco m\u00e1s de un a\u00f1o, el presidente de la Rep\u00fablica, Luis Abinader, defini\u00f3 la industria como el motor de la econom\u00eda y estandarte de la recuperaci\u00f3n econ\u00f3mica, creadora de trabajos dignos y pilar hist\u00f3rico de lo que somos, hacemos y vendemos al resto del mundo. \u201cEn estos 15 meses, hemos puesto en acci\u00f3n 11 proyectos que abarcan iniciativas en productividad e innovaci\u00f3n, fomento de la producci\u00f3n sostenible, as\u00ed como de la calidad industrial, a trav\u00e9s de los cuales hemos impactado a unas 397 industrias con m\u00e1s de 6, 300 horas de capacitaci\u00f3n y una inversi\u00f3n de unos RD$145.5 millones de pesos; porque en la medida en que fortalecemos el capital humano, en esa misma medida se fortalecer\u00e1 la industria\u201d, dijo.<\/p>\n\n\n\n<p>La entrega del Galard\u00f3n a la Labor Institucional de Apoyo al Sector Industrial otorgada al MICM, fue realizada por el presidente Luis Abinader; Celso Juan Marranzini, presidente de la AIRD, y Circe Alm\u00e1nzar, vicepresidenta ejecutiva de la AIRD, quienes estuvieron acompa\u00f1ados de los miembros del Consejo Nacional de las Premiaciones, Dar\u00edo Zapata, presidente de la Comisi\u00f3n de Industria y Comercio de la C\u00e1mara de Diputados, as\u00ed como Juan Jos\u00e9 Attias y Juan Ventura, de la Directiva Nacional de la AIRD.<\/p>\n\n\n\n<p>El ministro de Industria, Comercio y Mipymes, Bison\u00f3, llam\u00f3 a los viceministros de esa instituci\u00f3n para recibir el galard\u00f3n.<\/p>\n\n\n\n<p>La actividad, realizada en el Hotel Embajador, cont\u00f3 con la presencia del presidente Luis Abinader y el presidente del Senado, Eduardo Estrella, entre otros funcionarios de instituciones del Gobierno y organizaciones empresariales.<\/p>\n\n\n\n<p><strong>Premios<\/strong><\/p>\n\n\n\n<p>Adem\u00e1s del galard\u00f3n entregado al MICM, la AIRD reconoci\u00f3 con el Galard\u00f3n al M\u00e9rito Industrial P\u00f3stumo a los industriales Eduardo Ram\u00f3n Mart\u00ednez Lima y Antonio Najri Acra (Don Papla). Tambi\u00e9n se entreg\u00f3 al Grupo Rica el Galard\u00f3n Nacional a la Industria Dominicana.<\/p>\n\n\n\n<p>Celso Juan Marranzini, presidente de la AIRD, al dar las palabras de apertura anunci\u00f3 que 64 industrias del sector invertir\u00e1n m\u00e1s de RD$79,000 millones de pesos en el a\u00f1o 2022, generando m\u00e1s de 78,900 nuevos empleos productivos \u00abfruto de los niveles de certidumbre alcanzados y de la firme decisi\u00f3n de nuestros socios a favor de la reindustrializaci\u00f3n del pa\u00eds\u00bb, explic\u00f3. Estas Inversiones equivalen a un 1.3% del PIB.<\/p>\n\n\n\n<p>De su lado, Circe Alm\u00e1nzar, vicepresidente ejecutiva de la AIRD, detall\u00f3 el proceso de selecci\u00f3n de los galardonados y habl\u00f3 de elementos destacados que fueron tomados en cuenta por el Consejo Nacional responsable de estos Galardones.<\/p>\n\n\n\n<p>La entrega del Galard\u00f3n Nacional a la Industria Dominicana al Grupo Rica estuvo a cargo del presidente Luis Abinader; de Victor (Ito) Bison\u00f3, ministro de Industria, Comercio y Mipymes; Celso Juan Marranzini, presidente de la AIRD; Circe Alm\u00e1nzar, vicepresidente ejecutiva de la AIRD; Roberto \u00c1lvarez, ministro de Relaciones Exteriores, y de los miembros del Consejo Nacional de las Premiaciones, Alexis Victoria Yeb, presidente de la Comisi\u00f3n de Industria, Comercio y Zonas Francas del Senado de la Rep\u00fablica; Jos\u00e9 Ulises Rodr\u00edguez, director general de PROINDUSTRIA, y Jorge Aguayo, miembro de la Directiva Nacional de la AIRD.<\/p>\n\n\n\n<p>Los ganadores del galard\u00f3n son elegidos por un Consejo Nacional integrado por senadores, representantes del sector, miembros y asociados de la AIRD, quienes nominaron a 15 entidades para el Galard\u00f3n a la Labor Institucional y a 34 empresas para el Galard\u00f3n Nacional a la Industria Dominicana.<\/p>\n\n\n\n<p>Fuente: Direcci\u00f3n de Estrategia y Comunicaci\u00f3n Gubernamental<\/p>\n\n\n\n<p>Ministerio Administrativo de la Presidencia de la Rep\u00fablica Dominicana<\/p>\n","protected":false},"excerpt":{"rendered":"<p>diariodominicano.com Santo Domingo, R. D., 1 de diciembre, 2021.- La Asociaci\u00f3n de Industrias de la Rep\u00fablica Dominicana (AIRD) reconoci\u00f3 los esfuerzos impulsados desde el Ministerio de Industria, Comercio y Mipymes (MICM), para reactivar la industria nacional y otorg\u00f3 el galard\u00f3n a la Labor Institucional en Apoyo al Sector Industrial 2021 m\u00e1xima distinci\u00f3n para reconocer la [&hellip;]<\/p>\n","protected":false},"author":5,"featured_media":312893,"comment_status":"closed","ping_status":"","sticky":true,"template":"","format":"standard","meta":{"footnotes":""},"categories":[20,27],"tags":[],"class_list":["post-312892","post","type-post","status-publish","format-standard","has-post-thumbnail","hentry","category-dominicana-hoy","category-portada"],"_links":{"self":[{"href":"https:\/\/diariodominicano.com\/index.php?rest_route=\/wp\/v2\/posts\/312892","targetHints":{"allow":["GET"]}}],"collection":[{"href":"https:\/\/diariodominicano.com\/index.php?rest_route=\/wp\/v2\/posts"}],"about":[{"href":"https:\/\/diariodominicano.com\/index.php?rest_route=\/wp\/v2\/types\/post"}],"author":[{"embeddable":true,"href":"https:\/\/diariodominicano.com\/index.php?rest_route=\/wp\/v2\/users\/5"}],"replies":[{"embeddable":true,"href":"https:\/\/diariodominicano.com\/index.php?rest_route=%2Fwp%2Fv2%2Fcomments&post=312892"}],"version-history":[{"count":1,"href":"https:\/\/diariodominicano.com\/index.php?rest_route=\/wp\/v2\/posts\/312892\/revisions"}],"predecessor-version":[{"id":312894,"href":"https:\/\/diariodominicano.com\/index.php?rest_route=\/wp\/v2\/posts\/312892\/revisions\/312894"}],"wp:featuredmedia":[{"embeddable":true,"href":"https:\/\/diariodominicano.com\/index.php?rest_route=\/wp\/v2\/media\/312893"}],"wp:attachment":[{"href":"https:\/\/diariodominicano.com\/index.php?rest_route=%2Fwp%2Fv2%2Fmedia&parent=312892"}],"wp:term":[{"taxonomy":"category","embeddable":true,"href":"https:\/\/diariodominicano.com\/index.php?rest_route=%2Fwp%2Fv2%2Fcategories&post=312892"},{"taxonomy":"post_tag","embeddable":true,"href":"https:\/\/diariodominicano.com\/index.php?rest_route=%2Fwp%2Fv2%2Ftags&post=312892"}],"curies":[{"name":"wp","href":"https:\/\/api.w.org\/{rel}","templated":true}]}}