{"id":312886,"date":"2021-12-01T20:51:57","date_gmt":"2021-12-02T00:51:57","guid":{"rendered":"http:\/\/diariodominicano.com\/?p=312886"},"modified":"2021-12-01T20:51:57","modified_gmt":"2021-12-02T00:51:57","slug":"von-der-leyen-paises-de-ue-deben-discutir-vacunacion-obligatoria-contra-covid-19","status":"publish","type":"post","link":"https:\/\/diariodominicano.com\/?p=312886","title":{"rendered":"Von der Leyen: Pa\u00edses de UE deben discutir vacunaci\u00f3n obligatoria contra COVID-19"},"content":{"rendered":"\n<p>diariodominicano.com<a rel=\"noreferrer noopener\" href=\"https:\/\/www.xinhua-news.com\/gdsdetailxhs\/share\/10675225-?pageflag=iframe\" target=\"_blank\"><\/a><\/p>\n\n\n\n<pre id=\"text-news-description\" class=\"wp-block-preformatted\">   BRUSELAS, 1 dic (Xinhua) -- La Uni\u00f3n Europea (UE) debe iniciar una discusi\u00f3n sobre si la vacunaci\u00f3n obligatoria es necesaria en la lucha contra el actual repunte de casos de COVID-19, sobre todo debido a que una tercera parte de la poblaci\u00f3n de la UE a\u00fan no est\u00e1 vacunada, indic\u00f3 hoy en Bruselas la presidenta de la Comisi\u00f3n Europea, Ursula von der Leyen.\n   Von der Leyen reconoci\u00f3 que tal decisi\u00f3n es \"\u00fanicamente competencia de los Estados miembros\", pero destac\u00f3 que alrededor de 150 millones de personas en la UE a\u00fan no est\u00e1n vacunadas.\n   \"Creo que es entendible y adecuado entablar esta discusi\u00f3n ahora: la manera en que podemos alentar y potencialmente pensar en una vacunaci\u00f3n obligatoria dentro de la UE\", dijo Von der Leyen durante una conferencia de prensa.\n   \"Tenemos las vacunas, las vacunas que salvan vidas, pero no se est\u00e1n utilizando de forma adecuada en todas partes\", a\u00f1adi\u00f3.\n   Von der Leyen tambi\u00e9n dijo que el principal proveedor de vacunas contra la COVID-19 de la UE, BioNTech\/Pfizer, tendr\u00e1 dosis disponibles para los ni\u00f1os del bloque en dos semanas.\n   La presidenta de la comisi\u00f3n dijo que no hay suficiente informaci\u00f3n sobre la nueva variante Omicron del coronavirus, la cual, seg\u00fan la Organizaci\u00f3n Mundial de la Salud, representa un alto riesgo.\n   \"No sabemos todo sobre esta variante, pero sabemos los suficiente como para estar preocupados\", indic\u00f3 Von der Leyen.\n   \"Sabemos por nuestra experiencia con la variante Delta que esta es una carrera contra el tiempo. Hasta que sepamos m\u00e1s, en dos a tres semanas, tenemos que actuar. Nuestros mejores cient\u00edficos est\u00e1n trabajando d\u00eda y noche. Lo que la ciencia ya nos dice es que una vacunaci\u00f3n completa y las dosis de refuerzo brindan protecci\u00f3n contra el virus\", agreg\u00f3.<\/pre>\n\n\n\n<p><\/p>\n","protected":false},"excerpt":{"rendered":"<p>diariodominicano.com BRUSELAS, 1 dic (Xinhua) &#8212; La Uni\u00f3n Europea (UE) debe iniciar una discusi\u00f3n sobre si la vacunaci\u00f3n obligatoria es necesaria en la lucha contra el actual repunte de casos de COVID-19, sobre todo debido a que una tercera parte de la poblaci\u00f3n de la UE a\u00fan no est\u00e1 vacunada, indic\u00f3 hoy en Bruselas la [&hellip;]<\/p>\n","protected":false},"author":5,"featured_media":312890,"comment_status":"closed","ping_status":"","sticky":true,"template":"","format":"standard","meta":{"footnotes":""},"categories":[23,27],"tags":[],"class_list":["post-312886","post","type-post","status-publish","format-standard","has-post-thumbnail","hentry","category-internacional","category-portada"],"_links":{"self":[{"href":"https:\/\/diariodominicano.com\/index.php?rest_route=\/wp\/v2\/posts\/312886","targetHints":{"allow":["GET"]}}],"collection":[{"href":"https:\/\/diariodominicano.com\/index.php?rest_route=\/wp\/v2\/posts"}],"about":[{"href":"https:\/\/diariodominicano.com\/index.php?rest_route=\/wp\/v2\/types\/post"}],"author":[{"embeddable":true,"href":"https:\/\/diariodominicano.com\/index.php?rest_route=\/wp\/v2\/users\/5"}],"replies":[{"embeddable":true,"href":"https:\/\/diariodominicano.com\/index.php?rest_route=%2Fwp%2Fv2%2Fcomments&post=312886"}],"version-history":[{"count":1,"href":"https:\/\/diariodominicano.com\/index.php?rest_route=\/wp\/v2\/posts\/312886\/revisions"}],"predecessor-version":[{"id":312891,"href":"https:\/\/diariodominicano.com\/index.php?rest_route=\/wp\/v2\/posts\/312886\/revisions\/312891"}],"wp:featuredmedia":[{"embeddable":true,"href":"https:\/\/diariodominicano.com\/index.php?rest_route=\/wp\/v2\/media\/312890"}],"wp:attachment":[{"href":"https:\/\/diariodominicano.com\/index.php?rest_route=%2Fwp%2Fv2%2Fmedia&parent=312886"}],"wp:term":[{"taxonomy":"category","embeddable":true,"href":"https:\/\/diariodominicano.com\/index.php?rest_route=%2Fwp%2Fv2%2Fcategories&post=312886"},{"taxonomy":"post_tag","embeddable":true,"href":"https:\/\/diariodominicano.com\/index.php?rest_route=%2Fwp%2Fv2%2Ftags&post=312886"}],"curies":[{"name":"wp","href":"https:\/\/api.w.org\/{rel}","templated":true}]}}