{"id":312879,"date":"2021-12-01T20:35:34","date_gmt":"2021-12-02T00:35:34","guid":{"rendered":"http:\/\/diariodominicano.com\/?p=312879"},"modified":"2021-12-01T20:35:34","modified_gmt":"2021-12-02T00:35:34","slug":"polonia-permite-acceso-a-periodistas-a-zona-fronteriza-con-bielorrusia","status":"publish","type":"post","link":"https:\/\/diariodominicano.com\/?p=312879","title":{"rendered":"Polonia permite acceso a periodistas a zona fronteriza con Bielorrusia"},"content":{"rendered":"\n<p>diariodominicano.com<a rel=\"noreferrer noopener\" href=\"https:\/\/www.xinhua-news.com\/gdsdetailxhs\/share\/10675256-?pageflag=iframe\" target=\"_blank\"><\/a><\/p>\n\n\n\n<pre id=\"text-news-description\" class=\"wp-block-preformatted\">   VARSOVIA, 1 dic (Xinhua) -- El Gobierno polaco anunci\u00f3 hoy la reapertura de un \u00e1rea restringida de tres kil\u00f3metros en la zona fronteriza con Bielorrusia para los periodistas.\n   En septiembre se declar\u00f3 un estado de emergencia en la zona luego de que un gran n\u00famero de migrantes, principalmente de Medio Oriente, intentaron entrar a la Uni\u00f3n Europea (UE) a trav\u00e9s de la frontera terrestre entre Polonia y Bielorrusia con el fin de solicitar el estatus de refugiados.\n   Autoridades polacas y de la UE han mantenido una postura firme en lo que respecta a impedir el ingreso no autorizado a territorio de la UE. Las autoridades polacas tambi\u00e9n hab\u00edan impedido a periodistas y trabajadores humanitarios el acceso a la zona restringida.\n   A partir del 1 de diciembre, los periodistas que deseen entrar a la zona necesitar\u00e1n una acreditaci\u00f3n especial y estar\u00e1n acompa\u00f1ados por la Guardia Fronteriza durante su estad\u00eda, dijo el viceministro del Interior, Blazej Pobozy.\n   Los reporteros tambi\u00e9n tendr\u00e1n que utilizar chalecos especiales que los identifiquen como prensa acreditada. Las nuevas reglas estar\u00e1n vigentes al menos hasta el 1 de marzo.\n   La crisis fronteriza se agrav\u00f3 en noviembre, cuando un gran n\u00famero de personas intent\u00f3 cruzar de Bielorrusia hacia Polonia. La UE culp\u00f3 a Bielorrusia de enviar migrantes a la frontera como represalia por las sanciones de la UE. Sin embargo, Minsk neg\u00f3 la acusaci\u00f3n y dijo que est\u00e1 trabajando para resolver el asunto. <\/pre>\n","protected":false},"excerpt":{"rendered":"<p>diariodominicano.com VARSOVIA, 1 dic (Xinhua) &#8212; El Gobierno polaco anunci\u00f3 hoy la reapertura de un \u00e1rea restringida de tres kil\u00f3metros en la zona fronteriza con Bielorrusia para los periodistas. En septiembre se declar\u00f3 un estado de emergencia en la zona luego de que un gran n\u00famero de migrantes, principalmente de Medio Oriente, intentaron entrar a [&hellip;]<\/p>\n","protected":false},"author":5,"featured_media":312881,"comment_status":"closed","ping_status":"","sticky":true,"template":"","format":"standard","meta":{"footnotes":""},"categories":[23,27],"tags":[],"class_list":["post-312879","post","type-post","status-publish","format-standard","has-post-thumbnail","hentry","category-internacional","category-portada"],"_links":{"self":[{"href":"https:\/\/diariodominicano.com\/index.php?rest_route=\/wp\/v2\/posts\/312879","targetHints":{"allow":["GET"]}}],"collection":[{"href":"https:\/\/diariodominicano.com\/index.php?rest_route=\/wp\/v2\/posts"}],"about":[{"href":"https:\/\/diariodominicano.com\/index.php?rest_route=\/wp\/v2\/types\/post"}],"author":[{"embeddable":true,"href":"https:\/\/diariodominicano.com\/index.php?rest_route=\/wp\/v2\/users\/5"}],"replies":[{"embeddable":true,"href":"https:\/\/diariodominicano.com\/index.php?rest_route=%2Fwp%2Fv2%2Fcomments&post=312879"}],"version-history":[{"count":1,"href":"https:\/\/diariodominicano.com\/index.php?rest_route=\/wp\/v2\/posts\/312879\/revisions"}],"predecessor-version":[{"id":312882,"href":"https:\/\/diariodominicano.com\/index.php?rest_route=\/wp\/v2\/posts\/312879\/revisions\/312882"}],"wp:featuredmedia":[{"embeddable":true,"href":"https:\/\/diariodominicano.com\/index.php?rest_route=\/wp\/v2\/media\/312881"}],"wp:attachment":[{"href":"https:\/\/diariodominicano.com\/index.php?rest_route=%2Fwp%2Fv2%2Fmedia&parent=312879"}],"wp:term":[{"taxonomy":"category","embeddable":true,"href":"https:\/\/diariodominicano.com\/index.php?rest_route=%2Fwp%2Fv2%2Fcategories&post=312879"},{"taxonomy":"post_tag","embeddable":true,"href":"https:\/\/diariodominicano.com\/index.php?rest_route=%2Fwp%2Fv2%2Ftags&post=312879"}],"curies":[{"name":"wp","href":"https:\/\/api.w.org\/{rel}","templated":true}]}}