{"id":312757,"date":"2021-12-01T12:20:10","date_gmt":"2021-12-01T16:20:10","guid":{"rendered":"http:\/\/diariodominicano.com\/?p=312757"},"modified":"2021-12-01T12:58:55","modified_gmt":"2021-12-01T16:58:55","slug":"ministerio-de-medio-ambiente-reitera-cese-definitivo-de-cultivo-de-ciclo-corto-en-valle-nuevo","status":"publish","type":"post","link":"https:\/\/diariodominicano.com\/?p=312757","title":{"rendered":"Ministerio de Medio Ambiente  aplicar\u00e1 cese definitivo de cultivo de ciclo corto en Valle Nuevo"},"content":{"rendered":"\n<p>diariodominicano.com<\/p>\n\n\n\n<p>Santo Domingo, R. D.,  1 de diciembre, 2021.- En cumplimiento a la resoluci\u00f3n 0034-2021, el Ministerio de Medio Ambiente y Recursos Naturales reitera el cese definitivo de cultivo de ciclo corto en el Parque Nacional Valle Nuevo. La disposici\u00f3n se refiere, espec\u00edficamente a la vertiente Sur de esta \u00e1rea protegida, considerada la Madre de las Aguas por su importancia h\u00eddrica para el pa\u00eds.<\/p>\n\n\n\n<p>En vista de esta finalizaci\u00f3n, el Ministerio de Medio Ambiente acord\u00f3 con la Asociaci\u00f3n de Productores Hort\u00edcolas de La Horma (ASOPROHORMA) que el Programa Sup\u00e9rate estar\u00e1 brindando asistencia econ\u00f3mica a las familias en condiciones de vulnerabilidad que habitan esta zona, hasta que se complete el proceso de su reubicaci\u00f3n en un asentamiento en condiciones dignas, donde tendr\u00e1n la oportunidad de seguir desarrollando actividades econ\u00f3micas fuera del \u00e1rea protegida.<\/p>\n\n\n\n<p>Al acuerdo se arrib\u00f3 en la \u00faltima reuni\u00f3n sostenida este martes en el Ministerio de Medio Ambiente encabezada por el ministro Orlando Jorge Mera con los directivos de ASOPROHORMA.<\/p>\n\n\n\n<p>En el encuentro, Jorge Mera explic\u00f3 que el Estado tiene abierta la oferta de compra de terrenos a aquellos propietarios que sustenten derechos anteriores a que esta zona fuera declarada \u00e1rea protegida para seguir avanzando en su rescate.<\/p>\n\n\n\n<p>El Ministerio tambi\u00e9n acord\u00f3 mantener el di\u00e1logo abierto con ASOPROHORMA sobre las plantaciones de ciclo largo que fueron incentivadas en esta zona por pasadas autoridades para llegar a las soluciones definitivas.<\/p>\n\n\n\n<p>Durante los \u00faltimos tres meses el Ministerio estableci\u00f3, a trav\u00e9s del Servicio Nacional de Protecci\u00f3n Ambiental, un Centro de Protecci\u00f3n y Vigilancia en la zona para evitar las nuevas plantaciones de ciclo corto, y el mismo continuar\u00e1 realizando los operativos de lugar para dar cumplimiento al rescate de esta \u00e1rea protegida.<\/p>\n\n\n\n<p>Fuente: Direcci\u00f3n de Estrategia y Comunicaci\u00f3n Gubernamental<\/p>\n\n\n\n<p>Ministerio Administrativo de la Presidencia de la Rep\u00fablica Dominicana<\/p>\n","protected":false},"excerpt":{"rendered":"<p>diariodominicano.com Santo Domingo, R. D., 1 de diciembre, 2021.- En cumplimiento a la resoluci\u00f3n 0034-2021, el Ministerio de Medio Ambiente y Recursos Naturales reitera el cese definitivo de cultivo de ciclo corto en el Parque Nacional Valle Nuevo. La disposici\u00f3n se refiere, espec\u00edficamente a la vertiente Sur de esta \u00e1rea protegida, considerada la Madre de [&hellip;]<\/p>\n","protected":false},"author":5,"featured_media":312760,"comment_status":"closed","ping_status":"","sticky":true,"template":"","format":"standard","meta":{"footnotes":""},"categories":[20,27],"tags":[],"class_list":["post-312757","post","type-post","status-publish","format-standard","has-post-thumbnail","hentry","category-dominicana-hoy","category-portada"],"_links":{"self":[{"href":"https:\/\/diariodominicano.com\/index.php?rest_route=\/wp\/v2\/posts\/312757","targetHints":{"allow":["GET"]}}],"collection":[{"href":"https:\/\/diariodominicano.com\/index.php?rest_route=\/wp\/v2\/posts"}],"about":[{"href":"https:\/\/diariodominicano.com\/index.php?rest_route=\/wp\/v2\/types\/post"}],"author":[{"embeddable":true,"href":"https:\/\/diariodominicano.com\/index.php?rest_route=\/wp\/v2\/users\/5"}],"replies":[{"embeddable":true,"href":"https:\/\/diariodominicano.com\/index.php?rest_route=%2Fwp%2Fv2%2Fcomments&post=312757"}],"version-history":[{"count":3,"href":"https:\/\/diariodominicano.com\/index.php?rest_route=\/wp\/v2\/posts\/312757\/revisions"}],"predecessor-version":[{"id":312776,"href":"https:\/\/diariodominicano.com\/index.php?rest_route=\/wp\/v2\/posts\/312757\/revisions\/312776"}],"wp:featuredmedia":[{"embeddable":true,"href":"https:\/\/diariodominicano.com\/index.php?rest_route=\/wp\/v2\/media\/312760"}],"wp:attachment":[{"href":"https:\/\/diariodominicano.com\/index.php?rest_route=%2Fwp%2Fv2%2Fmedia&parent=312757"}],"wp:term":[{"taxonomy":"category","embeddable":true,"href":"https:\/\/diariodominicano.com\/index.php?rest_route=%2Fwp%2Fv2%2Fcategories&post=312757"},{"taxonomy":"post_tag","embeddable":true,"href":"https:\/\/diariodominicano.com\/index.php?rest_route=%2Fwp%2Fv2%2Ftags&post=312757"}],"curies":[{"name":"wp","href":"https:\/\/api.w.org\/{rel}","templated":true}]}}