{"id":312754,"date":"2021-12-01T12:15:35","date_gmt":"2021-12-01T16:15:35","guid":{"rendered":"http:\/\/diariodominicano.com\/?p=312754"},"modified":"2021-12-01T12:15:35","modified_gmt":"2021-12-01T16:15:35","slug":"autoridades-municipales-acuerdan-traslado-de-vertedero-en-ocoa-y-construir-relleno-sanitario","status":"publish","type":"post","link":"https:\/\/diariodominicano.com\/?p=312754","title":{"rendered":"Autoridades municipales acuerdan traslado de vertedero en Ocoa y construir relleno sanitario"},"content":{"rendered":"\n<p>diariodominicano.com<\/p>\n\n\n\n<p>Representantes de varias instituciones se re\u00fanen en Fedomu para llegar al acuerdo<\/p>\n\n\n\n<p>Santo Domingo, R. D.,  1 de diciembre, 2021.- El presidente de la Federaci\u00f3n Dominicana de Municipios (Fedomu) y alcalde de La Vega, Kelvin Cruz, junto a la gobernaci\u00f3n de San Jos\u00e9 de Ocoa, Liga Municipal Dominicana (LMD), Federaci\u00f3n Dominicana de Distritos Municipales (Fedodim) y La Direcci\u00f3n General de Proyectos Estrat\u00e9gicos y Especiales de la Presidencia (Propeep), acordaron trasladar el vertedero de la zona Ocoa-El Pinar y construir un relleno sanitario provincial.<\/p>\n\n\n\n<p>Durante un encuentro en las instalaciones de Fedomu, Cruz expres\u00f3 su satisfacci\u00f3n por los acuerdos arribados por el bienestar de la provincia de San Jos\u00e9 de Ocoa y el pa\u00eds.<\/p>\n\n\n\n<p>En la reuni\u00f3n participaron tambi\u00e9n el presidente y director ejecutivo de Fedodim, Ram\u00f3n Santos y Pedro Richardson, respectivamente; el alcalde de Ocoa, Aneudy Ortiz; la gobernadora Josefa Olivo Castillo; la viceministra de Interior y Polic\u00eda, \u00c1ngela J\u00e1quez; Garis Pujols, director la Junta Distrital El Pinar, Milton Brea, alcalde del municipio de Sabana Larga; la diputada Yary Encarnaci\u00f3n; Alcedo de los Santos, alcalde del municipio de Rancho Arriba; Mayrelin Garc\u00eda, vicepresidenta de la LMD.<\/p>\n\n\n\n<p>Esa comitiva, junto a t\u00e9cnicos de las referidas instituciones, acordaron que el mi\u00e9rcoles 8 de diciembre a las 10:00 de la ma\u00f1ana, desde la Asociaci\u00f3n para el Desarrollo de San Jos\u00e9 de Ocoa (ADESJO), partir\u00e1n a realizar un descenso al vertedero actual y los posibles lugares de construcci\u00f3n del relleno sanitario.Tambi\u00e9n acordaron permitir depositar all\u00ed los desechos s\u00f3lidos a la alcald\u00eda de la provincia, y dichas autoridades se comprometieron a colaborar para su acondicionamiento en conjunto.<\/p>\n\n\n\n<p>Se comprometieron que en el primer trimestre del 2022 la situaci\u00f3n quedar\u00e1 resuelta con la construcci\u00f3n del relleno sanitario; realizar en conjunto una declaraci\u00f3n con los puntos acordados, siendo la gobernadora Oliva Castillo la vocera principal.<\/p>\n\n\n\n<p>El director ejecutivo de Fedodim, Pedro Richardson, asegur\u00f3 que los recursos est\u00e1n disponibles para la construcci\u00f3n del nuevo relleno sanitario.<\/p>\n\n\n\n<p><br>Fuente:  Gerencia de Comunicaciones Fedomu<\/p>\n\n\n\n<p><strong>Wilkin de la Cruz\/ Periodista<\/strong><\/p>\n","protected":false},"excerpt":{"rendered":"<p>diariodominicano.com Representantes de varias instituciones se re\u00fanen en Fedomu para llegar al acuerdo Santo Domingo, R. D., 1 de diciembre, 2021.- El presidente de la Federaci\u00f3n Dominicana de Municipios (Fedomu) y alcalde de La Vega, Kelvin Cruz, junto a la gobernaci\u00f3n de San Jos\u00e9 de Ocoa, Liga Municipal Dominicana (LMD), Federaci\u00f3n Dominicana de Distritos Municipales [&hellip;]<\/p>\n","protected":false},"author":5,"featured_media":312755,"comment_status":"closed","ping_status":"","sticky":true,"template":"","format":"standard","meta":{"footnotes":""},"categories":[20,27],"tags":[],"class_list":["post-312754","post","type-post","status-publish","format-standard","has-post-thumbnail","hentry","category-dominicana-hoy","category-portada"],"_links":{"self":[{"href":"https:\/\/diariodominicano.com\/index.php?rest_route=\/wp\/v2\/posts\/312754","targetHints":{"allow":["GET"]}}],"collection":[{"href":"https:\/\/diariodominicano.com\/index.php?rest_route=\/wp\/v2\/posts"}],"about":[{"href":"https:\/\/diariodominicano.com\/index.php?rest_route=\/wp\/v2\/types\/post"}],"author":[{"embeddable":true,"href":"https:\/\/diariodominicano.com\/index.php?rest_route=\/wp\/v2\/users\/5"}],"replies":[{"embeddable":true,"href":"https:\/\/diariodominicano.com\/index.php?rest_route=%2Fwp%2Fv2%2Fcomments&post=312754"}],"version-history":[{"count":1,"href":"https:\/\/diariodominicano.com\/index.php?rest_route=\/wp\/v2\/posts\/312754\/revisions"}],"predecessor-version":[{"id":312756,"href":"https:\/\/diariodominicano.com\/index.php?rest_route=\/wp\/v2\/posts\/312754\/revisions\/312756"}],"wp:featuredmedia":[{"embeddable":true,"href":"https:\/\/diariodominicano.com\/index.php?rest_route=\/wp\/v2\/media\/312755"}],"wp:attachment":[{"href":"https:\/\/diariodominicano.com\/index.php?rest_route=%2Fwp%2Fv2%2Fmedia&parent=312754"}],"wp:term":[{"taxonomy":"category","embeddable":true,"href":"https:\/\/diariodominicano.com\/index.php?rest_route=%2Fwp%2Fv2%2Fcategories&post=312754"},{"taxonomy":"post_tag","embeddable":true,"href":"https:\/\/diariodominicano.com\/index.php?rest_route=%2Fwp%2Fv2%2Ftags&post=312754"}],"curies":[{"name":"wp","href":"https:\/\/api.w.org\/{rel}","templated":true}]}}