{"id":312732,"date":"2021-12-01T10:53:57","date_gmt":"2021-12-01T14:53:57","guid":{"rendered":"http:\/\/diariodominicano.com\/?p=312732"},"modified":"2021-12-01T10:53:57","modified_gmt":"2021-12-01T14:53:57","slug":"tsa-deja-en-estado-fallo-expediente-contra-directiva-cdp","status":"publish","type":"post","link":"https:\/\/diariodominicano.com\/?p=312732","title":{"rendered":"TSA deja en estado fallo expediente contra directiva CDP"},"content":{"rendered":"\n<p>diariodominicano.com<\/p>\n\n\n\n<p><strong>Piden revivan a Rafael Polanco consignado fallecido en padr\u00f3n&nbsp;<\/strong><\/p>\n\n\n\n<p>Santo Domingo, R. D.,  1 de diciembre, 2021.-   La Tercera Sala del Tribunal Superior Administrativo (TSA) dej\u00f3 en estado de fallo el recurso interpuesto por el periodista Rafael Polanco contra la se\u00f1ora Mercedes Castillo y la directiva del Colegio Dominicano de Periodistas (CDP), por excluirlo del padr\u00f3n de miembros e impedirle participar en las elecciones de la organizaci\u00f3n profesional el pasado 27 de agosto.\u00a0<\/p>\n\n\n\n<p>El recurso de amparo fue ventilado por las tres magistradas que integran el tribunal, encabezadas por la jueza Luisa del Carmen Cana\u00e1n, quien preside la Tercera Sala del TSA.&nbsp;<\/p>\n\n\n\n<p>En el dispositivo de sus conclusiones las abogadas Heidy Mari\u00f1ez y Cristina Encarnaci\u00f3n solicitaron al tribunal declarar bueno y v\u00e1lido el recurso, ordenar que se proceda a revivir al periodista Polanco, colocado como fallecido en el padr\u00f3n del CDP por la se\u00f1ora Castillo. \u201cUstedes pueden verle, aqu\u00ed, vivo y en salud\u201d, proclam\u00f3 la abogada de Polanco, se\u00f1al\u00e1ndolo presente en la sala del Tribunal.&nbsp;<\/p>\n\n\n\n<p>El veterano comunicador, con 48 a\u00f1os de ejercicio period\u00edstico y m\u00e1s de 45 de militancia, primero en el Sindicato Nacional de Periodistas Profesionales (SNPP) y desde 1983 en el CDP, fue impedido de encabezar la plancha Transformaci\u00f3n y \u00c9tica por Mercedes Castillo, quien se empecin\u00f3 en negarle ese derecho, con la complicidad de otros directivos del CDP y de los miembros de la Comisi\u00f3n Nacional Electoral que encabez\u00f3 Luis P\u00e9rez.&nbsp;<\/p>\n\n\n\n<p>La Comisi\u00f3n Electoral, en un primer momento admiti\u00f3 las candidaturas de la plancha Transformaci\u00f3n y \u00c9tica, pero luego recul\u00f3 y no s\u00f3lo vulner\u00f3 el derecho de Polanco, sino tambi\u00e9n el de los otros 24 miembros del equipo que le acompa\u00f1aba, a quienes se les impidi\u00f3 competir junto a los dem\u00e1s candidatos de las otras dos planchas.&nbsp;<\/p>\n\n\n\n<p>Los movimientos Raphy Dur\u00e1n, que dirige Luis Moreno C\u00e1rdenas y Juan And\u00fajar, que tiene al frente a Domi Garc\u00eda Saleta, en acci\u00f3n separada, impugnaron las elecciones realizadas el 27 de agosto pasado, debido a que no particip\u00f3 el 50 m\u00e1s uno de los miembros activos, como se\u00f1ala el Art\u00edculo 45 del Reglamento Interno y los Art\u00edculos 6 y 7 del Reglamento Electoral, instituidos acordes con la Ley 10-9l que cre\u00f3 el CDP.&nbsp;<\/p>\n\n\n\n<p>El Art\u00edculo 45 establece:&nbsp;<strong>\u201cPara que una Asamblea Electoral sea v\u00e1lida deber\u00e1 votar la mitad m\u00e1s uno de los miembros del Colegio con derecho a voto. En caso de no cumplirse este requisito, la Comisi\u00f3n Electoral convocar\u00e1 otra asamblea electoral dentro de los 45 siguientes d\u00edas a la fecha originalmente fijada. Mientras, permanecer\u00e1n al frente del CDP las autoridades vigentes\u201d.&nbsp;<\/strong><\/p>\n\n\n\n<p>En cuando al Art\u00edculo 6 del Reglamento Electoral expone: \u201cLa<strong>&nbsp;Asamblea Electoral ser\u00e1 v\u00e1lida cuando re\u00fana la mitad m\u00e1s uno de los miembros activos del CDP\u201d&nbsp;<\/strong>y el 7 apunta:<strong>&nbsp;\u201cEn caso de no votar la mitad m\u00e1s uno de los miembros activos del CDP, La Comisi\u00f3n Nacional Electoral proceder\u00e1 a convocar nuevas elecciones en un plazo no mayor a los sesenta (60) d\u00edas. En esta nueva circunstancia ser\u00e1n v\u00e1lidas con un 40% de los miembros\u201d.&nbsp;&nbsp;<\/strong><\/p>\n\n\n\n<p>En violaci\u00f3n a los reglamentos interno y electoral, el se\u00f1or P\u00e9rez y los miembros de la comisi\u00f3n electoral proclamaron ganadores, ignorando el recurso de impugnaci\u00f3n que ser\u00e1 conocido en los pr\u00f3ximos d\u00edas por el Tribunal Superior Administrativo.&nbsp;<\/p>\n\n\n\n<p><strong>Lic. Rafael A. Polanco<\/strong><\/p>\n\n\n\n<p><\/p>\n\n\n\n<p><\/p>\n","protected":false},"excerpt":{"rendered":"<p>diariodominicano.com Piden revivan a Rafael Polanco consignado fallecido en padr\u00f3n&nbsp; Santo Domingo, R. D., 1 de diciembre, 2021.- La Tercera Sala del Tribunal Superior Administrativo (TSA) dej\u00f3 en estado de fallo el recurso interpuesto por el periodista Rafael Polanco contra la se\u00f1ora Mercedes Castillo y la directiva del Colegio Dominicano de Periodistas (CDP), por excluirlo [&hellip;]<\/p>\n","protected":false},"author":5,"featured_media":291505,"comment_status":"closed","ping_status":"","sticky":true,"template":"","format":"standard","meta":{"footnotes":""},"categories":[20,27],"tags":[],"class_list":["post-312732","post","type-post","status-publish","format-standard","has-post-thumbnail","hentry","category-dominicana-hoy","category-portada"],"_links":{"self":[{"href":"https:\/\/diariodominicano.com\/index.php?rest_route=\/wp\/v2\/posts\/312732","targetHints":{"allow":["GET"]}}],"collection":[{"href":"https:\/\/diariodominicano.com\/index.php?rest_route=\/wp\/v2\/posts"}],"about":[{"href":"https:\/\/diariodominicano.com\/index.php?rest_route=\/wp\/v2\/types\/post"}],"author":[{"embeddable":true,"href":"https:\/\/diariodominicano.com\/index.php?rest_route=\/wp\/v2\/users\/5"}],"replies":[{"embeddable":true,"href":"https:\/\/diariodominicano.com\/index.php?rest_route=%2Fwp%2Fv2%2Fcomments&post=312732"}],"version-history":[{"count":1,"href":"https:\/\/diariodominicano.com\/index.php?rest_route=\/wp\/v2\/posts\/312732\/revisions"}],"predecessor-version":[{"id":312733,"href":"https:\/\/diariodominicano.com\/index.php?rest_route=\/wp\/v2\/posts\/312732\/revisions\/312733"}],"wp:featuredmedia":[{"embeddable":true,"href":"https:\/\/diariodominicano.com\/index.php?rest_route=\/wp\/v2\/media\/291505"}],"wp:attachment":[{"href":"https:\/\/diariodominicano.com\/index.php?rest_route=%2Fwp%2Fv2%2Fmedia&parent=312732"}],"wp:term":[{"taxonomy":"category","embeddable":true,"href":"https:\/\/diariodominicano.com\/index.php?rest_route=%2Fwp%2Fv2%2Fcategories&post=312732"},{"taxonomy":"post_tag","embeddable":true,"href":"https:\/\/diariodominicano.com\/index.php?rest_route=%2Fwp%2Fv2%2Ftags&post=312732"}],"curies":[{"name":"wp","href":"https:\/\/api.w.org\/{rel}","templated":true}]}}