{"id":312729,"date":"2021-12-01T10:38:38","date_gmt":"2021-12-01T14:38:38","guid":{"rendered":"http:\/\/diariodominicano.com\/?p=312729"},"modified":"2021-12-01T10:38:38","modified_gmt":"2021-12-01T14:38:38","slug":"mathias-pierre-pone-en-duda-la-celebracion-de-elecciones-en-haiti","status":"publish","type":"post","link":"https:\/\/diariodominicano.com\/?p=312729","title":{"rendered":"Mathias Pierre pone en duda la celebraci\u00f3n de elecciones en Hait\u00ed"},"content":{"rendered":"\n<p>diariodominicano.com<\/p>\n\n\n\n<p>Puerto Pr\u00edncipe, 30 nov (Prensa Latina) El exministro delegado para Asuntos Electorales en Hait\u00ed, Mathias Pierre, puso hoy en duda que el actual Gobierno realice comicios generales, y sugiri\u00f3 que la restructuraci\u00f3n del gabinete ministerial podr\u00eda prolongar la transici\u00f3n.<\/p>\n\n\n\n<p>A Pierre lo nombr\u00f3 el asesinado presidente Jovenel Mo\u00efse para organizar los sufragios y el referendo constitucional, aunque los procesos quedaron aplazados en dos ocasiones antes del magnicidio.<\/p>\n\n\n\n<p>El tambi\u00e9n excandidato presidencial deplor\u00f3 que no fue contactado por el primer ministro Ariel Henry, quien asumi\u00f3 el poder dos semanas despu\u00e9s del asesinato, pese a que cuenta con informaci\u00f3n valiosa sobre el proceso electoral.<\/p>\n\n\n\n<p>Aunque Henry sostiene que realizar\u00e1 elecciones antes de finalizar el 2022, a\u00fan no pudo nombrar al Consejo Electoral Provisional por la desconfianza de las diversas estructuras, y tampoco anunci\u00f3 una fecha tentativa.<\/p>\n\n\n\n<p>Pierre insisti\u00f3 a radio M\u00e9tropole la necesidad de establecer un plan para organizar las elecciones, y deplor\u00f3 que las autoridades no env\u00edan se\u00f1ales claras sobre las prioridades, en referencia a los sufragios, el clima de seguridad y la investigaci\u00f3n sobre el asesinato del presidente Jovenel Mo\u00efse.<\/p>\n\n\n\n<p>Para el pol\u00edtico, muchos de los actores que acompa\u00f1an al neurocirujano y que actualmente integran el nuevo ejecutivo est\u00e1n m\u00e1s interesados en prolongar la transici\u00f3n, que en permitir a la poblaci\u00f3n ejercer su derecho de elegir a sus representantes.<\/p>\n\n\n\n<p>En este sentido, afirm\u00f3 que la toma del poder es obra de los mismos conspiradores que asesinaron al pol\u00e9mico exmandatario.<\/p>\n\n\n\n<p>Mo\u00efse asumi\u00f3 la presidencia tras dos controvertidos procesos electorales que fueron duramente criticados por presunto fraude, y durante sus cuatro a\u00f1os frente al pa\u00eds no convoc\u00f3 a comicios.<\/p>\n\n\n\n<p>Tras su muerte qued\u00f3 vacante la jefatura de Estado, mientras que desde enero de 2020 vencieron los mandatos de todos los diputados y de dos tercios de los senadores lo cual afianz\u00f3 la crisis institucional.<\/p>\n\n\n\n<p>msm\/ane<\/p>\n","protected":false},"excerpt":{"rendered":"<p>diariodominicano.com Puerto Pr\u00edncipe, 30 nov (Prensa Latina) El exministro delegado para Asuntos Electorales en Hait\u00ed, Mathias Pierre, puso hoy en duda que el actual Gobierno realice comicios generales, y sugiri\u00f3 que la restructuraci\u00f3n del gabinete ministerial podr\u00eda prolongar la transici\u00f3n. A Pierre lo nombr\u00f3 el asesinado presidente Jovenel Mo\u00efse para organizar los sufragios y el [&hellip;]<\/p>\n","protected":false},"author":5,"featured_media":312730,"comment_status":"closed","ping_status":"","sticky":true,"template":"","format":"standard","meta":{"footnotes":""},"categories":[23,27],"tags":[],"class_list":["post-312729","post","type-post","status-publish","format-standard","has-post-thumbnail","hentry","category-internacional","category-portada"],"_links":{"self":[{"href":"https:\/\/diariodominicano.com\/index.php?rest_route=\/wp\/v2\/posts\/312729","targetHints":{"allow":["GET"]}}],"collection":[{"href":"https:\/\/diariodominicano.com\/index.php?rest_route=\/wp\/v2\/posts"}],"about":[{"href":"https:\/\/diariodominicano.com\/index.php?rest_route=\/wp\/v2\/types\/post"}],"author":[{"embeddable":true,"href":"https:\/\/diariodominicano.com\/index.php?rest_route=\/wp\/v2\/users\/5"}],"replies":[{"embeddable":true,"href":"https:\/\/diariodominicano.com\/index.php?rest_route=%2Fwp%2Fv2%2Fcomments&post=312729"}],"version-history":[{"count":1,"href":"https:\/\/diariodominicano.com\/index.php?rest_route=\/wp\/v2\/posts\/312729\/revisions"}],"predecessor-version":[{"id":312731,"href":"https:\/\/diariodominicano.com\/index.php?rest_route=\/wp\/v2\/posts\/312729\/revisions\/312731"}],"wp:featuredmedia":[{"embeddable":true,"href":"https:\/\/diariodominicano.com\/index.php?rest_route=\/wp\/v2\/media\/312730"}],"wp:attachment":[{"href":"https:\/\/diariodominicano.com\/index.php?rest_route=%2Fwp%2Fv2%2Fmedia&parent=312729"}],"wp:term":[{"taxonomy":"category","embeddable":true,"href":"https:\/\/diariodominicano.com\/index.php?rest_route=%2Fwp%2Fv2%2Fcategories&post=312729"},{"taxonomy":"post_tag","embeddable":true,"href":"https:\/\/diariodominicano.com\/index.php?rest_route=%2Fwp%2Fv2%2Ftags&post=312729"}],"curies":[{"name":"wp","href":"https:\/\/api.w.org\/{rel}","templated":true}]}}