{"id":312726,"date":"2021-12-01T10:18:27","date_gmt":"2021-12-01T14:18:27","guid":{"rendered":"http:\/\/diariodominicano.com\/?p=312726"},"modified":"2021-12-01T10:18:27","modified_gmt":"2021-12-01T14:18:27","slug":"asociacion-fe-y-alegria-dominicana-realiza-semana-del-cuidado-contra-la-violencia-de-genero","status":"publish","type":"post","link":"https:\/\/diariodominicano.com\/?p=312726","title":{"rendered":"Asociaci\u00f3n Fe y Alegr\u00eda Dominicana realiza \u201cSemana del Cuidado\u201d contra la violencia de g\u00e9nero"},"content":{"rendered":"\n<p>diariodominicano.com<\/p>\n\n\n\n<p>Santo Domingo, R. D., 1 de diciembre, 2021.-   La Asociaci\u00f3n Fe y Alegr\u00eda Dominicana realiz\u00f3 la\u00a0<strong>\u201cSemana del Cuidado\u201d contra la violencia de g\u00e9nero\u00a0<\/strong>como parte de la campa\u00f1a \u201c<strong>Maltrato Cero, Cuidado Infinito\u201d que desarrolla en 65 centros educativos<\/strong>\u00a0y las respectivas comunidades en 16 provincias de todo el pa\u00eds durante el 2021 donde, como en a\u00f1os anteriores, se sumaron miles de ni\u00f1os, ni\u00f1as, adolescentes, docentes, hombres y mujeres desde la virtualidad y la semipresencialidad del a\u00f1o escolar en curso.<\/p>\n\n\n\n<p>En este segundo a\u00f1o, dimos formal inicio a la semana del cuidado en el marco del primer encuentro presencial de la Red Juvenil de Fe y Alegr\u00eda Dominicana. A esta semana se unieron figuras como Miralva Ruiz quien visit\u00f3 uno de nuestros 65 centros educativos.<\/p>\n\n\n\n<p>Como movimiento de educaci\u00f3n popular integral y promoci\u00f3n social que trabaja en los sectores m\u00e1s empobrecidos y vulnerables del pa\u00eds, hemos apostado por el tema del Cuidado como el eje principal de nuestro trabajo desde el pasado a\u00f1o. Esto incluye muchas dimensiones, como el cuidado del medio ambiente, del otro y muy especialmente el cuidado contra la violencia de g\u00e9nero y el autocuidado en el marco de la pandemia que estamos afrontando desde inicio del 2020.<\/p>\n\n\n\n<p>En el 2019 esta campa\u00f1a contra la violencia de g\u00e9nero se enmarca en la semana del 25 de noviembre, d\u00eda del asesinato de las Hermanas Mirabal y D\u00eda Internacional de la Eliminaci\u00f3n de la Violencia contra la Mujer.<\/p>\n\n\n\n<p>Fe y Alegr\u00eda asume con gran responsabilidad la incorporaci\u00f3n de la perspectiva de g\u00e9nero en toda su gesti\u00f3n pedag\u00f3gica e institucional, sus programaciones curriculares y en la vida cotidiana para fortalecer la educaci\u00f3n de calidad, la promoci\u00f3n social y el desarrollo comunitario con un enfoque reflexivo.<\/p>\n\n\n\n<p><em><strong>\u201cMaltrato Cero, Cuidado Infinito\u201d\u00a0<\/strong><\/em>es una campa\u00f1a de Fe y Alegr\u00eda Dominicana que se desarrolla en los 63 centros educativos y las respectivas comunidades en 16 provincias de todo el pa\u00eds en los que la Asociaci\u00f3n tiene presencia.  <\/p>\n\n\n\n<figure class=\"wp-block-table\"><table><tbody><tr><td>  Fuente:  <strong>Relaciones Publicas Fe y Alegr\u00eda RD<\/strong><\/td><\/tr><\/tbody><\/table><\/figure>\n","protected":false},"excerpt":{"rendered":"<p>diariodominicano.com Santo Domingo, R. D., 1 de diciembre, 2021.- La Asociaci\u00f3n Fe y Alegr\u00eda Dominicana realiz\u00f3 la\u00a0\u201cSemana del Cuidado\u201d contra la violencia de g\u00e9nero\u00a0como parte de la campa\u00f1a \u201cMaltrato Cero, Cuidado Infinito\u201d que desarrolla en 65 centros educativos\u00a0y las respectivas comunidades en 16 provincias de todo el pa\u00eds durante el 2021 donde, como en a\u00f1os [&hellip;]<\/p>\n","protected":false},"author":5,"featured_media":312727,"comment_status":"closed","ping_status":"","sticky":true,"template":"","format":"standard","meta":{"footnotes":""},"categories":[20,27],"tags":[],"class_list":["post-312726","post","type-post","status-publish","format-standard","has-post-thumbnail","hentry","category-dominicana-hoy","category-portada"],"_links":{"self":[{"href":"https:\/\/diariodominicano.com\/index.php?rest_route=\/wp\/v2\/posts\/312726","targetHints":{"allow":["GET"]}}],"collection":[{"href":"https:\/\/diariodominicano.com\/index.php?rest_route=\/wp\/v2\/posts"}],"about":[{"href":"https:\/\/diariodominicano.com\/index.php?rest_route=\/wp\/v2\/types\/post"}],"author":[{"embeddable":true,"href":"https:\/\/diariodominicano.com\/index.php?rest_route=\/wp\/v2\/users\/5"}],"replies":[{"embeddable":true,"href":"https:\/\/diariodominicano.com\/index.php?rest_route=%2Fwp%2Fv2%2Fcomments&post=312726"}],"version-history":[{"count":1,"href":"https:\/\/diariodominicano.com\/index.php?rest_route=\/wp\/v2\/posts\/312726\/revisions"}],"predecessor-version":[{"id":312728,"href":"https:\/\/diariodominicano.com\/index.php?rest_route=\/wp\/v2\/posts\/312726\/revisions\/312728"}],"wp:featuredmedia":[{"embeddable":true,"href":"https:\/\/diariodominicano.com\/index.php?rest_route=\/wp\/v2\/media\/312727"}],"wp:attachment":[{"href":"https:\/\/diariodominicano.com\/index.php?rest_route=%2Fwp%2Fv2%2Fmedia&parent=312726"}],"wp:term":[{"taxonomy":"category","embeddable":true,"href":"https:\/\/diariodominicano.com\/index.php?rest_route=%2Fwp%2Fv2%2Fcategories&post=312726"},{"taxonomy":"post_tag","embeddable":true,"href":"https:\/\/diariodominicano.com\/index.php?rest_route=%2Fwp%2Fv2%2Ftags&post=312726"}],"curies":[{"name":"wp","href":"https:\/\/api.w.org\/{rel}","templated":true}]}}