{"id":312724,"date":"2021-12-01T10:05:29","date_gmt":"2021-12-01T14:05:29","guid":{"rendered":"http:\/\/diariodominicano.com\/?p=312724"},"modified":"2021-12-01T10:05:29","modified_gmt":"2021-12-01T14:05:29","slug":"el-papa-pide-garantizar-tratamientos-sanitarios-justos-y-eficaces-a-enfermos-de-sida","status":"publish","type":"post","link":"https:\/\/diariodominicano.com\/?p=312724","title":{"rendered":"El Papa pide garantizar tratamientos sanitarios justos y eficaces a enfermos de SIDA"},"content":{"rendered":"\n<p>POR\u00a0<a href=\"https:\/\/www.aciprensa.com\/noticias\/el-papa-pide-garantizar-tratamientos-sanitarios-justos-y-eficaces-a-enfermos-de-sida-50344?rel=author\">MERCEDES DE LA TORRE<\/a>\u00a0| ACI Prensa<\/p>\n\n\n\n<p>Vaticano, 1 de diciembre, 2021.-  El Papa Francisco advirti\u00f3 que cada 1 de diciembre se celebra el D\u00eda Mundial del Sida y se\u00f1al\u00f3 que es una ocasi\u00f3n importante para recordar a las muchas personas afectadas por el VIH y para comprometerse a garantizar tratamientos sanitarios justos y eficaces.<\/p>\n\n\n\n<p>Al concluir la Audiencia General de este mi\u00e9rcoles el Santo Padre indic\u00f3 que \u201choy es el D\u00eda Mundial del SIDA\u201d y a\u00f1adi\u00f3 que \u201ces una ocasi\u00f3n importante para recordar a las numerosas personas afectadas por este virus, para muchas de las cuales, en algunas partes del mundo, no hay acceso a los tratamientos esenciales\u201d.<\/p>\n\n\n\n<p>\u201cEspero que se renueve el compromiso de solidaridad para garantizar tratamientos sanitarios justos y eficaces\u201d, pidi\u00f3 el Papa.<\/p>\n\n\n\n<p>Adem\u00e1s, el Santo Padre pidi\u00f3 oraciones \u201cpor las numerosas personas afectadas por este s\u00edndrome\u201d a trav\u00e9s de su cuenta oficial de Twitter @Pontifex_es.<\/p>\n\n\n\n<p>El D\u00eda Mundial del Sida fue establecido por las Naciones Unidas en 1988 para \u201capoyar a las personas que viven con el VIH y recordar a las que han fallecido por enfermedades relacionadas con el Sida\u201d.<\/p>\n\n\n\n<p>El lema del D\u00eda Mundial del Sida 2021 es: \u201cPoner fin a las desigualdades. Poner fin al Sida. Poner fin a las pandemias\u201d.<\/p>\n\n\n\n<p>Seg\u00fan los datos m\u00e1s recientes del\u00a0<a href=\"http:\/\/www.unaids.org\/sites\/default\/files\/media_asset\/UNAIDS_FactSheet_es.pdf\">Programa Conjunto de las Naciones Unidas sobre el VIH\/sida<\/a>\u00a0(ONUSIDA o UNAIDS en ingl\u00e9s), 37,7 millones de personas en todo el mundo viv\u00edan con el VIH en el 2020, de los cuales 1,7 millones son ni\u00f1os hasta los 14 a\u00f1os. Es decir, estas personas tienen el virus, pero a\u00fan no han desarrollado la enfermedad y es importante que reciban un tratamiento con antirretrovirales.<\/p>\n\n\n\n<p>En 2020, ONUSIDA se\u00f1al\u00f3 que el confinamiento y cierre de fronteras decretados para evitar la expansi\u00f3n del COVID-19 afectaron la producci\u00f3n y distribuci\u00f3n de medicamentos antirretrovirales gen\u00e9ricos para tratar el VIH en pa\u00edses de ingresos medios y bajos; as\u00ed como un aumento en el coste final de los medicamentos exportados de India.<\/p>\n\n\n\n<p>Las principales instituciones cat\u00f3licas que atienden a pacientes con VIH\/sida son C\u00e1ritas Internationalis y Catholic Relief Services (CRS).<\/p>\n\n\n\n<p>Desde 1987, C\u00e1ritas brinda apoyo m\u00e9dico, social, emocional y espiritual a las personas que viven con VIH y sida. Su campa\u00f1a HAART, para ni\u00f1os, promueve el diagn\u00f3stico temprano y el tratamiento del VIH en mujeres y beb\u00e9s.<\/p>\n\n\n\n<p>La campa\u00f1a busca obtener programas de prueba accesibles y medicamentos adecuados. Adem\u00e1s, defiende que todas las mujeres embarazadas seropositivas reciban tratamiento antirretroviral, cirug\u00eda de ces\u00e1rea y alternativas a la lactancia cuando esto sea aconsejable y apropiado.<\/p>\n\n\n\n<p>Por su parte, CRS ha apoyado programas internacionales de VIH durante m\u00e1s de 25 a\u00f1os, casi desde el comienzo de la epidemia. Sus programas abarcan todas las \u00e1reas de programaci\u00f3n, incluida la atenci\u00f3n domiciliaria, terapia antirretroviral, apoyo al tratamiento, reducci\u00f3n del estigma, prevenci\u00f3n y servicios integrales para ni\u00f1os vulnerables.\u00a0<\/p>\n\n\n\n<p><\/p>\n","protected":false},"excerpt":{"rendered":"<p>POR\u00a0MERCEDES DE LA TORRE\u00a0| ACI Prensa Vaticano, 1 de diciembre, 2021.- El Papa Francisco advirti\u00f3 que cada 1 de diciembre se celebra el D\u00eda Mundial del Sida y se\u00f1al\u00f3 que es una ocasi\u00f3n importante para recordar a las muchas personas afectadas por el VIH y para comprometerse a garantizar tratamientos sanitarios justos y eficaces. Al [&hellip;]<\/p>\n","protected":false},"author":5,"featured_media":283528,"comment_status":"closed","ping_status":"","sticky":true,"template":"","format":"standard","meta":{"footnotes":""},"categories":[23,27],"tags":[],"class_list":["post-312724","post","type-post","status-publish","format-standard","has-post-thumbnail","hentry","category-internacional","category-portada"],"_links":{"self":[{"href":"https:\/\/diariodominicano.com\/index.php?rest_route=\/wp\/v2\/posts\/312724","targetHints":{"allow":["GET"]}}],"collection":[{"href":"https:\/\/diariodominicano.com\/index.php?rest_route=\/wp\/v2\/posts"}],"about":[{"href":"https:\/\/diariodominicano.com\/index.php?rest_route=\/wp\/v2\/types\/post"}],"author":[{"embeddable":true,"href":"https:\/\/diariodominicano.com\/index.php?rest_route=\/wp\/v2\/users\/5"}],"replies":[{"embeddable":true,"href":"https:\/\/diariodominicano.com\/index.php?rest_route=%2Fwp%2Fv2%2Fcomments&post=312724"}],"version-history":[{"count":1,"href":"https:\/\/diariodominicano.com\/index.php?rest_route=\/wp\/v2\/posts\/312724\/revisions"}],"predecessor-version":[{"id":312725,"href":"https:\/\/diariodominicano.com\/index.php?rest_route=\/wp\/v2\/posts\/312724\/revisions\/312725"}],"wp:featuredmedia":[{"embeddable":true,"href":"https:\/\/diariodominicano.com\/index.php?rest_route=\/wp\/v2\/media\/283528"}],"wp:attachment":[{"href":"https:\/\/diariodominicano.com\/index.php?rest_route=%2Fwp%2Fv2%2Fmedia&parent=312724"}],"wp:term":[{"taxonomy":"category","embeddable":true,"href":"https:\/\/diariodominicano.com\/index.php?rest_route=%2Fwp%2Fv2%2Fcategories&post=312724"},{"taxonomy":"post_tag","embeddable":true,"href":"https:\/\/diariodominicano.com\/index.php?rest_route=%2Fwp%2Fv2%2Ftags&post=312724"}],"curies":[{"name":"wp","href":"https:\/\/api.w.org\/{rel}","templated":true}]}}