{"id":312721,"date":"2021-12-01T09:33:27","date_gmt":"2021-12-01T13:33:27","guid":{"rendered":"http:\/\/diariodominicano.com\/?p=312721"},"modified":"2021-12-01T09:33:27","modified_gmt":"2021-12-01T13:33:27","slug":"no-es-necesario-esperar-el-golpe-para-denunciar-maltrato-intrafamiliar-advierte-especialista","status":"publish","type":"post","link":"https:\/\/diariodominicano.com\/?p=312721","title":{"rendered":"No es necesario esperar el golpe para denunciar maltrato intrafamiliar, advierte especialista"},"content":{"rendered":"\n<p>diariodominicano.com<\/p>\n\n\n\n<p><em><u>La directora del Centro de Atenci\u00f3n a Sobrevivientes de Violencia, Solange Alvarado, resalt\u00f3 la consciencia alcanzada por las mujeres sobre la necesidad de denunciar cualquier tipo de violencia a la que sean sometidas&nbsp;<\/u><\/em><\/p>\n\n\n\n<p><strong>Santo Domingo, R. D.,  1 de diciembre, 2021.-<\/strong>\u00a0A pesar del embate de la violencia intrafamiliar y de g\u00e9nero, y en respuesta a ella, la mujer dominicana ha alcanzado mayor nivel de consciencia sobre la importancia de denunciar los delitos relacionados, sostiene Solange Alvarado, directora del Centro de Atenci\u00f3n a Sobrevivientes de Violencia, del Ministerio P\u00fablico.<\/p>\n\n\n\n<p>\u201cEstad\u00edsticamente, lo que nos ha ido pasando con el transcurrir de los a\u00f1os es que ya las mujeres no esperan el golpe para ir a poner una denuncia, o&nbsp;sea, cada vez las mujeres tienen m\u00e1s consciencia de que una palabra fea, una ofensa, una humillaci\u00f3n, es violencia\u201d, explic\u00f3 Alvarado, al ser entrevistada en el programa Ministerio P\u00fablico, a prop\u00f3sito del Mes de la Eliminaci\u00f3n de la Violencia contra la Mujer y los 16 D\u00edas de Activismo, extensivos al 10 de diciembre.<\/p>\n\n\n\n<p>La profesional de la psicolog\u00eda y terapeuta familiar indic\u00f3 que, aunque los tipos de violencia m\u00e1s reconocidos por la sociedad son la f\u00edsica y la sexual, la realidad es que la de mayor presencia es la emocional y psicol\u00f3gica, que est\u00e1 presente en cada acto violento del cual es objeto una mujer.&nbsp;<\/p>\n\n\n\n<p>En el programa, que est\u00e1 disponible en el canal de Youtube de la Procuradur\u00eda General de la Rep\u00fablica, Alvarado se\u00f1al\u00f3 que este tipo de violencia mina la autoestima de la mujer y no le permite defenderse.&nbsp;<\/p>\n\n\n\n<p>Explic\u00f3 que la violencia de g\u00e9nero produce tres emociones b\u00e1sicas, que son la verg\u00fcenza, el temor al agresor y la culpa.&nbsp;<\/p>\n\n\n\n<p>\u201cEse sentimiento de verg\u00fcenza es lo que hace que las mujeres no les cuenten a sus familias, o sea, la pregunta (que se hacen) es: \u00bfPor qu\u00e9 yo permit\u00ed que esto me pasara? \u00bfC\u00f3mo me est\u00e1 pasando esto a m\u00ed? Entonces esa es una emoci\u00f3n muy dif\u00edcil, que no permite que las mujeres salgan m\u00e1s r\u00e1pido de la violencia\u201d, explic\u00f3 la especialista en la conducta humana.&nbsp;<\/p>\n\n\n\n<p>\u201cLuego est\u00e1 el miedo al agresor, que es un miedo real, porque las mujeres est\u00e1n en peligro de muerte, ya no la muerte emocional, que es una muerte muy real que se vive d\u00eda a d\u00eda, sino el peligro de muerte\u201d, sostuvo Alvarado, quien tambi\u00e9n especific\u00f3 que las v\u00edctimas suelen culparse por la violencia que ejercen otras personas sobre ellas.&nbsp;<\/p>\n\n\n\n<p>\u201cEsas tres emociones son las tres patas, de ese tr\u00edpode que sostiene la violencia a nivel emocional y que es de lo que nos tenemos que ocupar los cl\u00ednicos que trabajamos este tema\u201d, agreg\u00f3.&nbsp;<\/p>\n\n\n\n<p>En cambio, la realidad es que quien se beneficia del silencio es el agresor, porque le permite continuar ejerciendo violencia impune y puede llegar hasta cometer el feminicidio.<\/p>\n\n\n\n<p>La idea es que, al hacer consciencia sobre estas tres emociones que pueden afectarla, la mujer que recibe cualquier tipo de agresi\u00f3n decida denunciar y buscar ayuda. Puede hacerlo a trav\u00e9s de L\u00ednea Vida, en el 809-200-1202 y ser\u00e1 acogida en el centro una vez haya realizado la denuncia en la fiscal\u00eda m\u00e1s cercana o en una de las Unidades de Atenci\u00f3n a la Violencia de Violencia Intrafamiliar y Delitos Sexuales.<\/p>\n\n\n\n<p>El objetivo del Centro de Atenci\u00f3n a Sobrevivientes de Violencia es que las mujeres afectadas por la violencia de g\u00e9nero, intrafamiliar y sexual tengan acceso a la justicia, as\u00ed como a la posibilidad de recuperarse emocionalmente y obtener seguridad, protecci\u00f3n e independencia econ\u00f3mica respecto de sus agresores.<\/p>\n\n\n\n<p>Brinda atenci\u00f3n psicol\u00f3gica individual, trabajo social y gesti\u00f3n para la inserci\u00f3n laboral, adem\u00e1s de diversos tipos de terapia, como biodanza.<\/p>\n\n\n\n<p>En la terapia grupal, las mujeres escuchan a otras que han sufrido situaciones similares y pueden comprobar que no son las \u00fanicas v\u00edctimas de este delito y as\u00ed rompen el silencio.<\/p>\n\n\n\n<p>La entrevista completa de Solange Alvarado, con m\u00e1s detalles sobre la violencia de g\u00e9nero y el Centro de Atenci\u00f3n a Sobrevivientes de Violencia, est\u00e1 disponible en el canal de YouTube de la Procuradur\u00eda General de la Rep\u00fablica, junto a otras entregas vinculadas al tema.<\/p>\n\n\n\n<p>Fuente:  <strong>Direcci\u00f3n de Comunicaci\u00f3n y Prensa<\/strong><\/p>\n\n\n\n<p><strong>Procuradur\u00eda General-Ministerio P\u00fablico RD<\/strong><\/p>\n\n\n\n<p><strong>Mi\u00e9rcoles, 1 de diciembre de 2021.<\/strong><\/p>\n\n\n\n<p><strong>Direcci\u00f3n General de Comunicaciones, Prensa y Relaciones P\u00fablicas<\/strong><\/p>\n\n\n\n<p>Procuradur\u00eda General de la Rep\u00fablica Dominicana<\/p>\n","protected":false},"excerpt":{"rendered":"<p>diariodominicano.com La directora del Centro de Atenci\u00f3n a Sobrevivientes de Violencia, Solange Alvarado, resalt\u00f3 la consciencia alcanzada por las mujeres sobre la necesidad de denunciar cualquier tipo de violencia a la que sean sometidas&nbsp; Santo Domingo, R. D., 1 de diciembre, 2021.-\u00a0A pesar del embate de la violencia intrafamiliar y de g\u00e9nero, y en respuesta [&hellip;]<\/p>\n","protected":false},"author":5,"featured_media":312722,"comment_status":"closed","ping_status":"","sticky":true,"template":"","format":"standard","meta":{"footnotes":""},"categories":[24,27],"tags":[],"class_list":["post-312721","post","type-post","status-publish","format-standard","has-post-thumbnail","hentry","category-justicia-y-derecho","category-portada"],"_links":{"self":[{"href":"https:\/\/diariodominicano.com\/index.php?rest_route=\/wp\/v2\/posts\/312721","targetHints":{"allow":["GET"]}}],"collection":[{"href":"https:\/\/diariodominicano.com\/index.php?rest_route=\/wp\/v2\/posts"}],"about":[{"href":"https:\/\/diariodominicano.com\/index.php?rest_route=\/wp\/v2\/types\/post"}],"author":[{"embeddable":true,"href":"https:\/\/diariodominicano.com\/index.php?rest_route=\/wp\/v2\/users\/5"}],"replies":[{"embeddable":true,"href":"https:\/\/diariodominicano.com\/index.php?rest_route=%2Fwp%2Fv2%2Fcomments&post=312721"}],"version-history":[{"count":1,"href":"https:\/\/diariodominicano.com\/index.php?rest_route=\/wp\/v2\/posts\/312721\/revisions"}],"predecessor-version":[{"id":312723,"href":"https:\/\/diariodominicano.com\/index.php?rest_route=\/wp\/v2\/posts\/312721\/revisions\/312723"}],"wp:featuredmedia":[{"embeddable":true,"href":"https:\/\/diariodominicano.com\/index.php?rest_route=\/wp\/v2\/media\/312722"}],"wp:attachment":[{"href":"https:\/\/diariodominicano.com\/index.php?rest_route=%2Fwp%2Fv2%2Fmedia&parent=312721"}],"wp:term":[{"taxonomy":"category","embeddable":true,"href":"https:\/\/diariodominicano.com\/index.php?rest_route=%2Fwp%2Fv2%2Fcategories&post=312721"},{"taxonomy":"post_tag","embeddable":true,"href":"https:\/\/diariodominicano.com\/index.php?rest_route=%2Fwp%2Fv2%2Ftags&post=312721"}],"curies":[{"name":"wp","href":"https:\/\/api.w.org\/{rel}","templated":true}]}}