{"id":312718,"date":"2021-12-01T09:21:40","date_gmt":"2021-12-01T13:21:40","guid":{"rendered":"http:\/\/diariodominicano.com\/?p=312718"},"modified":"2021-12-01T09:21:40","modified_gmt":"2021-12-01T13:21:40","slug":"palacio-nacional-enciende-su-arbol-de-navidad","status":"publish","type":"post","link":"https:\/\/diariodominicano.com\/?p=312718","title":{"rendered":"Palacio Nacional enciende su \u00e1rbol de Navidad"},"content":{"rendered":"\n<p>diariodominicano.com<\/p>\n\n\n\n<p>Santo Domingo, R. D.,  1 de diciembre, 2021.-   El presidente Luis Abinader, acompa\u00f1ado de la primera dama Raquel Arbaje, la vicepresidenta Raquel Pe\u00f1a y un grupo de ni\u00f1os y ni\u00f1as, encendi\u00f3 este martes el \u00e1rbol y las luces de Navidad en los jardines del Palacio Nacional.<\/p>\n\n\n\n<p>En un colorido evento, realizado en la explanada de la casa de Gobierno, el mandatario destac\u00f3 la fortaleza, resiliencia, unidad y la fe en Dios del pueblo dominicano.<\/p>\n\n\n\n<p>Sostuvo que a pesar de la terrible pandemia, el pa\u00eds est\u00e1 mucho mejor que antes y en el camino de la recuperaci\u00f3n econ\u00f3mica y sanitaria. Asimismo, resalt\u00f3 la labor del personal de salud en la lucha contra la Covid-19 e invit\u00f3 a los dominicanos y las dominicanas a festejar con moderaci\u00f3n en esta Navidad.<\/p>\n\n\n\n<p>En tanto, la primera dama afirm\u00f3 que Manos Dominicanas, un programa de Sup\u00e9rate, facilit\u00f3 687 piezas de artesan\u00eda para la decoraci\u00f3n del Palacio Nacional, confeccionadas con diferentes t\u00e9cnicas y cuyos detalles se pueden apreciar en el \u00e1rbol de Navidad.<\/p>\n\n\n\n<p>Al hablar en el acto, el ministro Administrativo de la Presidencia Jos\u00e9 Ignacio Paliza, inform\u00f3 que con el inicio de la Navidad tambi\u00e9n queda el Palacio Nacional abierto a la poblaci\u00f3n que tendr\u00e1 la oportunidad de realizar un recorrido hist\u00f3rico y cultural por sus diferentes \u00e1reas.<\/p>\n\n\n\n<p>Paliza dio las gracias a los empresarios y familias del sector privado que asumieron los costos de la decoraci\u00f3n navide\u00f1a del Palacio Nacional.<\/p>\n\n\n\n<p>La bendici\u00f3n del acto estuvo a cargo del sacerdote Fray Kelvis Acevedo, p\u00e1rroco de la iglesia San Rafael, y del pastor Dio Astacio, enlace con la Iglesia cristiana. Tras el encendido de las luces, se present\u00f3 el musical \u201cNavidad m\u00e1gica en concierto\u201d, producido y dirigido por Luis Marcell Ricart, director del Gran Teatro del Cibao.<\/p>\n\n\n\n<p>El pueblo dominicano disfrut\u00f3 de este despliegue de color, m\u00fasica y talento a trav\u00e9s de la transmisi\u00f3n en vivo en el Canal 4 y de las redes sociales de Presidencia y de la primera dama.<\/p>\n\n\n\n<p>Fuente: Direcci\u00f3n de Estrategia y Comunicaci\u00f3n Gubernamental<\/p>\n\n\n\n<p>Ministerio Administrativo de la Presidencia de la Rep\u00fablica Dominicana<\/p>\n","protected":false},"excerpt":{"rendered":"<p>diariodominicano.com Santo Domingo, R. D., 1 de diciembre, 2021.- El presidente Luis Abinader, acompa\u00f1ado de la primera dama Raquel Arbaje, la vicepresidenta Raquel Pe\u00f1a y un grupo de ni\u00f1os y ni\u00f1as, encendi\u00f3 este martes el \u00e1rbol y las luces de Navidad en los jardines del Palacio Nacional. En un colorido evento, realizado en la explanada [&hellip;]<\/p>\n","protected":false},"author":5,"featured_media":312719,"comment_status":"closed","ping_status":"","sticky":true,"template":"","format":"standard","meta":{"footnotes":""},"categories":[20,27],"tags":[],"class_list":["post-312718","post","type-post","status-publish","format-standard","has-post-thumbnail","hentry","category-dominicana-hoy","category-portada"],"_links":{"self":[{"href":"https:\/\/diariodominicano.com\/index.php?rest_route=\/wp\/v2\/posts\/312718","targetHints":{"allow":["GET"]}}],"collection":[{"href":"https:\/\/diariodominicano.com\/index.php?rest_route=\/wp\/v2\/posts"}],"about":[{"href":"https:\/\/diariodominicano.com\/index.php?rest_route=\/wp\/v2\/types\/post"}],"author":[{"embeddable":true,"href":"https:\/\/diariodominicano.com\/index.php?rest_route=\/wp\/v2\/users\/5"}],"replies":[{"embeddable":true,"href":"https:\/\/diariodominicano.com\/index.php?rest_route=%2Fwp%2Fv2%2Fcomments&post=312718"}],"version-history":[{"count":1,"href":"https:\/\/diariodominicano.com\/index.php?rest_route=\/wp\/v2\/posts\/312718\/revisions"}],"predecessor-version":[{"id":312720,"href":"https:\/\/diariodominicano.com\/index.php?rest_route=\/wp\/v2\/posts\/312718\/revisions\/312720"}],"wp:featuredmedia":[{"embeddable":true,"href":"https:\/\/diariodominicano.com\/index.php?rest_route=\/wp\/v2\/media\/312719"}],"wp:attachment":[{"href":"https:\/\/diariodominicano.com\/index.php?rest_route=%2Fwp%2Fv2%2Fmedia&parent=312718"}],"wp:term":[{"taxonomy":"category","embeddable":true,"href":"https:\/\/diariodominicano.com\/index.php?rest_route=%2Fwp%2Fv2%2Fcategories&post=312718"},{"taxonomy":"post_tag","embeddable":true,"href":"https:\/\/diariodominicano.com\/index.php?rest_route=%2Fwp%2Fv2%2Ftags&post=312718"}],"curies":[{"name":"wp","href":"https:\/\/api.w.org\/{rel}","templated":true}]}}