{"id":312675,"date":"2021-11-30T23:32:26","date_gmt":"2021-12-01T03:32:26","guid":{"rendered":"http:\/\/diariodominicano.com\/?p=312675"},"modified":"2021-12-01T05:25:27","modified_gmt":"2021-12-01T09:25:27","slug":"con-fuerte-sabor-a-samba-termino-natacion-panamericana","status":"publish","type":"post","link":"https:\/\/diariodominicano.com\/?p=312675","title":{"rendered":"Con fuerte sabor a samba termin\u00f3 nataci\u00f3n panamericana"},"content":{"rendered":"\n<figure class=\"wp-block-image\"><img decoding=\"async\" src=\"https:\/\/www.prensa-latina.cu\/wp-content\/uploads\/2021\/11\/Brasil-Natacion.jpg\" alt=\"\"\/><\/figure>\n\n\n\n<p>Cali, Colombia, 30 nov (Prensa Latina) Un fuerte sabor a samba qued\u00f3 impregnado hoy en la piscina del complejo Hernando Botero O\u2019Byrne, luego que Brasil dominara con holgura el torneo de nataci\u00f3n de los I Juegos Panamericanos Junior Cali-Valle 2021.<\/p>\n\n\n\n<ul class=\"wp-block-list\"><li>noviembre 30, 2021<\/li><li>CST21:21 (GMT) -0500<\/li><\/ul>\n\n\n\n<p>Tres t\u00edtulos cosechados esta noche en la jornada del cierre posibilitaron a los brasile\u00f1os sumar un total de 19 medallas de oro, adem\u00e1s de 15 de plata y seis de bronce, para distanciarse en mucho de su m\u00e1s cercano perseguidor, M\u00e9xico, que alcanz\u00f3 5-7-2.<\/p>\n\n\n\n<p>Terceros en el medallero terminaron los anfitriones al apropiarse de tres metales \u00e1ureos, cinco plateados y una docena de bronce, con lo cual superaron a la representaci\u00f3n argentina (3-4-4).<\/p>\n\n\n\n<p>Para sorpresa de muchos, la peque\u00f1a Aruba ancl\u00f3 en el quinto esca\u00f1o con dos preseas de oro y una de plata, todas conseguidas por Patrick Gerardo Groters.<\/p>\n\n\n\n<p>Las otras naciones que escucharon al menos una vez su himno nacional fueron Guatemala, Venezuela, Chile y Uruguay.<\/p>\n\n\n\n<p>Hoy en la jornada del adi\u00f3s Brasil domin\u00f3 los mil 500 metros estilo libre: en el femenino rein\u00f3 Beatriz Pimentel (16:11.52 minutos), quien fue secundada por la argentina Delfina Dini (17:04.17) y la venezolana Mar\u00eda Victoria Yegres (17:06.02).<\/p>\n\n\n\n<p>En la porf\u00eda masculina los mayores lauros fueron para Pedro Guastelli (15:24.27 minutos), vencedor del colombiano Juan Manuel Morales (17:04.17) y el tambi\u00e9n brasile\u00f1o Stephan De Freitas (15:34.41).<\/p>\n\n\n\n<p>Los 200 combinado individual depararon alegr\u00edas a Uruguay y Aruba, pues mientras en la lid femenina triunf\u00f3 Nicole Frank (02:17.46 minutos), entre los hombres lo hizo Groters (02:02.09).<\/p>\n\n\n\n<p>Las medallas de plata y bronce entre las muchachas fueron para la argentina Mar\u00eda Selene Alborcen y la brasile\u00f1a Fernanda de Goerj, en tanto en la clasificaci\u00f3n masculina las merecieron el guatemalteco Erick Gordillo y Matheo Fabrizio Mateos, de Paraguay.<\/p>\n\n\n\n<p>Por \u00faltimo, en los relevos de 4\u00d7100 combinado los puestos en el podio los coparon Brasil, M\u00e9xico y Colombia, entre las muchachas, y M\u00e9xico, Brasil y Colombia entre los varones.<\/p>\n\n\n\n<p>jf\/mpm<\/p>\n","protected":false},"excerpt":{"rendered":"<p>Cali, Colombia, 30 nov (Prensa Latina) Un fuerte sabor a samba qued\u00f3 impregnado hoy en la piscina del complejo Hernando Botero O\u2019Byrne, luego que Brasil dominara con holgura el torneo de nataci\u00f3n de los I Juegos Panamericanos Junior Cali-Valle 2021. noviembre 30, 2021 CST21:21 (GMT) -0500 Tres t\u00edtulos cosechados esta noche en la jornada del [&hellip;]<\/p>\n","protected":false},"author":2,"featured_media":312698,"comment_status":"closed","ping_status":"","sticky":true,"template":"","format":"standard","meta":{"footnotes":""},"categories":[17,27],"tags":[],"class_list":["post-312675","post","type-post","status-publish","format-standard","has-post-thumbnail","hentry","category-deportes","category-portada"],"_links":{"self":[{"href":"https:\/\/diariodominicano.com\/index.php?rest_route=\/wp\/v2\/posts\/312675","targetHints":{"allow":["GET"]}}],"collection":[{"href":"https:\/\/diariodominicano.com\/index.php?rest_route=\/wp\/v2\/posts"}],"about":[{"href":"https:\/\/diariodominicano.com\/index.php?rest_route=\/wp\/v2\/types\/post"}],"author":[{"embeddable":true,"href":"https:\/\/diariodominicano.com\/index.php?rest_route=\/wp\/v2\/users\/2"}],"replies":[{"embeddable":true,"href":"https:\/\/diariodominicano.com\/index.php?rest_route=%2Fwp%2Fv2%2Fcomments&post=312675"}],"version-history":[{"count":1,"href":"https:\/\/diariodominicano.com\/index.php?rest_route=\/wp\/v2\/posts\/312675\/revisions"}],"predecessor-version":[{"id":312676,"href":"https:\/\/diariodominicano.com\/index.php?rest_route=\/wp\/v2\/posts\/312675\/revisions\/312676"}],"wp:featuredmedia":[{"embeddable":true,"href":"https:\/\/diariodominicano.com\/index.php?rest_route=\/wp\/v2\/media\/312698"}],"wp:attachment":[{"href":"https:\/\/diariodominicano.com\/index.php?rest_route=%2Fwp%2Fv2%2Fmedia&parent=312675"}],"wp:term":[{"taxonomy":"category","embeddable":true,"href":"https:\/\/diariodominicano.com\/index.php?rest_route=%2Fwp%2Fv2%2Fcategories&post=312675"},{"taxonomy":"post_tag","embeddable":true,"href":"https:\/\/diariodominicano.com\/index.php?rest_route=%2Fwp%2Fv2%2Ftags&post=312675"}],"curies":[{"name":"wp","href":"https:\/\/api.w.org\/{rel}","templated":true}]}}