{"id":312668,"date":"2021-11-30T23:18:57","date_gmt":"2021-12-01T03:18:57","guid":{"rendered":"http:\/\/diariodominicano.com\/?p=312668"},"modified":"2021-12-03T23:46:52","modified_gmt":"2021-12-04T03:46:52","slug":"el-dia-que-nacio-francisco-xavier-billini-2","status":"publish","type":"post","link":"https:\/\/diariodominicano.com\/?p=312668","title":{"rendered":"El d\u00eda que naci\u00f3 Francisco Xavier Billini"},"content":{"rendered":"\n<p>SANTO DOMINGO, el 1 de diciembre de 1837, naci\u00f3 en la ciudad de Santo Domingo, Francisco Xavier Billini, quien se destacar\u00eda como sacerdote y fil\u00e1ntropo.<\/p>\n\n\n\n<p>&nbsp;&nbsp;&nbsp; Fueron sus padres Juan Antonio Billini y Ruse, de nacionalidad italiana, y Ana Hern\u00e1ndez y Gonz\u00e1lez, de Bayamo, Cuba.<\/p>\n\n\n\n<p>&nbsp;&nbsp;&nbsp; Francisco Xavier Billini, de ni\u00f1o se inclin\u00f3 por la vida eclesi\u00e1stica. Estudi\u00f3 en el Seminario Conciliar Santo Tom\u00e1s de Aquino.<\/p>\n\n\n\n<p>&nbsp;&nbsp; Fue ordenado sacerdote en abril de 1861, en Puerto Rico.&nbsp; En la ciudad de Santo Domingo ofici\u00f3 su primera misa el d\u00eda 9 de julio en la Iglesia Regina Angelorum.<\/p>\n\n\n\n<p>&nbsp;&nbsp; En la Guerra de la Restauraci\u00f3n se declar\u00f3 en favor de la paz y sali\u00f3 del pa\u00eds con destino a Cuba en el a\u00f1o 1865.<\/p>\n\n\n\n<p>En el a\u00f1o 1866 se encontr\u00f3 con el pr\u00f3cer Gregorio Luper\u00f3n en Saint Thomas, y lo convenci\u00f3 para que regresara al pa\u00eds.<\/p>\n\n\n\n<p>&nbsp;&nbsp; Al regresar fund\u00f3 el Colegio San Luis Gonzaga y lo dirigi\u00f3 durante 24 a\u00f1os. Por sus aulas pasaron j\u00f3venes que luego se destacaron en las humanidades y la pol\u00edtica como Alejandro Woss y Gil y los poetas Fernando y Rafael Deligne.<\/p>\n\n\n\n<p>&nbsp;&nbsp;&nbsp; Sus obras cumbres fueron la casa de la Beneficencia, el Orfelinato y el Manicomio, los primeros en crearse en Rep\u00fablica Dominicana, dedicados al servicio de los indigentes y enfermos.<\/p>\n\n\n\n<p>&nbsp;Para obtener recursos fund\u00f3 la Loter\u00eda de la Junta de la Caridad.<\/p>\n\n\n\n<p>&nbsp; Los recursos que recib\u00eda por esa v\u00eda los entregaba al hospital y a los pobres. Por su actitud se dice con frecuencia en Rep\u00fablica Dominicana &nbsp;cuando a una persona se le pide mucho: \u201cT\u00fa crees que yo soy el padre Billini\u201d.<\/p>\n\n\n\n<p>&nbsp;&nbsp;&nbsp;&nbsp; Una an\u00e9cdota sobre su muerte el 9 de marzo de 1990, da cuenta de que las \u00faltimas palabras del Padre Billini fueron:<\/p>\n\n\n\n<p>&nbsp;&nbsp;&nbsp; \u201cAcu\u00e9stenme para reposar as\u00ed, con toda humildad\u201d.<\/p>\n","protected":false},"excerpt":{"rendered":"<p>SANTO DOMINGO, el 1 de diciembre de 1837, naci\u00f3 en la ciudad de Santo Domingo, Francisco Xavier Billini, quien se destacar\u00eda como sacerdote y fil\u00e1ntropo. &nbsp;&nbsp;&nbsp; Fueron sus padres Juan Antonio Billini y Ruse, de nacionalidad italiana, y Ana Hern\u00e1ndez y Gonz\u00e1lez, de Bayamo, Cuba. &nbsp;&nbsp;&nbsp; Francisco Xavier Billini, de ni\u00f1o se inclin\u00f3 por la [&hellip;]<\/p>\n","protected":false},"author":2,"featured_media":0,"comment_status":"closed","ping_status":"","sticky":true,"template":"","format":"standard","meta":{"footnotes":""},"categories":[26,27],"tags":[],"class_list":["post-312668","post","type-post","status-publish","format-standard","hentry","category-efemerides","category-portada"],"_links":{"self":[{"href":"https:\/\/diariodominicano.com\/index.php?rest_route=\/wp\/v2\/posts\/312668","targetHints":{"allow":["GET"]}}],"collection":[{"href":"https:\/\/diariodominicano.com\/index.php?rest_route=\/wp\/v2\/posts"}],"about":[{"href":"https:\/\/diariodominicano.com\/index.php?rest_route=\/wp\/v2\/types\/post"}],"author":[{"embeddable":true,"href":"https:\/\/diariodominicano.com\/index.php?rest_route=\/wp\/v2\/users\/2"}],"replies":[{"embeddable":true,"href":"https:\/\/diariodominicano.com\/index.php?rest_route=%2Fwp%2Fv2%2Fcomments&post=312668"}],"version-history":[{"count":2,"href":"https:\/\/diariodominicano.com\/index.php?rest_route=\/wp\/v2\/posts\/312668\/revisions"}],"predecessor-version":[{"id":313670,"href":"https:\/\/diariodominicano.com\/index.php?rest_route=\/wp\/v2\/posts\/312668\/revisions\/313670"}],"wp:attachment":[{"href":"https:\/\/diariodominicano.com\/index.php?rest_route=%2Fwp%2Fv2%2Fmedia&parent=312668"}],"wp:term":[{"taxonomy":"category","embeddable":true,"href":"https:\/\/diariodominicano.com\/index.php?rest_route=%2Fwp%2Fv2%2Fcategories&post=312668"},{"taxonomy":"post_tag","embeddable":true,"href":"https:\/\/diariodominicano.com\/index.php?rest_route=%2Fwp%2Fv2%2Ftags&post=312668"}],"curies":[{"name":"wp","href":"https:\/\/api.w.org\/{rel}","templated":true}]}}