{"id":312648,"date":"2021-11-30T22:40:28","date_gmt":"2021-12-01T02:40:28","guid":{"rendered":"http:\/\/diariodominicano.com\/?p=312648"},"modified":"2021-11-30T22:40:28","modified_gmt":"2021-12-01T02:40:28","slug":"ecuador-adelanta-vacunacion-de-refuerzo-ante-amenaza-de-variante-omicron","status":"publish","type":"post","link":"https:\/\/diariodominicano.com\/?p=312648","title":{"rendered":"Ecuador adelanta vacunaci\u00f3n de refuerzo ante amenaza de variante \u00f3micron"},"content":{"rendered":"\n<p>diariodominicano.com<\/p>\n\n\n\n<pre id=\"text-news-description\" class=\"wp-block-preformatted\">   QUITO, 30 nov (Xinhua) -- Ecuador adelant\u00f3 para el 1 de diciembre el inicio de la aplicaci\u00f3n de la dosis de refuerzo de la vacuna contra la enfermedad del nuevo coronavirus (COVID-19) a toda la poblaci\u00f3n ante la amenaza de la nueva variante \u00f3micron, aparecida en Sud\u00e1frica, anunci\u00f3 hoy la ministra de Salud, Ximena Garz\u00f3n.\n   \"Nosotros \u00edbamos a empezar a poner la dosis de refuerzo a partir del 1 de enero (de 2022), sin embargo, por la presencia de la \u00f3micron lo empezaremos hacer desde el 1 de diciembre (de 2021)\", dijo Garz\u00f3n en un conversatorio virtual con la prensa, en el que afirm\u00f3 que en Ecuador no se registra hasta el momento la presencia de la variante.\n   La aplicaci\u00f3n de la dosis de refuerzo iniciar\u00e1 con las personas mayores de 18 a\u00f1os que completaron el esquema completo de las dos dosis de la vacuna y cumplieron seis meses de la segunda dosis.\n   \"Pueden acercarse a recibir su tercera dosis de refuerzo, las vacunas nos protegen y reducen el riesgo de muerte y de enfermedad grave\", apunt\u00f3 la autoridad sanitaria.\n   Garz\u00f3n sostuvo que la \u00f3micron al ser una variante m\u00e1s contagiosa que la delta, predispone a que las personas que no tienen una vacunaci\u00f3n completa o tienen complicaciones en su salud puedan agravarse.\n   La ministra asegur\u00f3 que la cartera de Salud cuenta con vacunas para cubrir a toda la poblaci\u00f3n ecuatoriana mayor de cinco a\u00f1os, por lo que inst\u00f3 a los ciudadanos a recibir el biol\u00f3gico con el objetivo de que el pa\u00eds pueda alcanzar a fines de a\u00f1o la inmunidad colectiva.\n   De acuerdo con la ministra, Ecuador registra a la fecha un 70 por ciento de la poblaci\u00f3n, 11,2 millones de personas, inmunizadas con el esquema completo de las dos dosis de la vacuna, pero todav\u00eda existe una falta de cobertura en varias provincias.\n   Hasta el martes, el pa\u00eds acumul\u00f3 526.870 contagios y 23.555 muertos por el nuevo coronavirus en 20 meses de pandemia, seg\u00fan el \u00faltimo informe oficial. <\/pre>\n","protected":false},"excerpt":{"rendered":"<p>diariodominicano.com QUITO, 30 nov (Xinhua) &#8212; Ecuador adelant\u00f3 para el 1 de diciembre el inicio de la aplicaci\u00f3n de la dosis de refuerzo de la vacuna contra la enfermedad del nuevo coronavirus (COVID-19) a toda la poblaci\u00f3n ante la amenaza de la nueva variante \u00f3micron, aparecida en Sud\u00e1frica, anunci\u00f3 hoy la ministra de Salud, Ximena [&hellip;]<\/p>\n","protected":false},"author":5,"featured_media":312651,"comment_status":"closed","ping_status":"","sticky":true,"template":"","format":"standard","meta":{"footnotes":""},"categories":[23,27],"tags":[],"class_list":["post-312648","post","type-post","status-publish","format-standard","has-post-thumbnail","hentry","category-internacional","category-portada"],"_links":{"self":[{"href":"https:\/\/diariodominicano.com\/index.php?rest_route=\/wp\/v2\/posts\/312648","targetHints":{"allow":["GET"]}}],"collection":[{"href":"https:\/\/diariodominicano.com\/index.php?rest_route=\/wp\/v2\/posts"}],"about":[{"href":"https:\/\/diariodominicano.com\/index.php?rest_route=\/wp\/v2\/types\/post"}],"author":[{"embeddable":true,"href":"https:\/\/diariodominicano.com\/index.php?rest_route=\/wp\/v2\/users\/5"}],"replies":[{"embeddable":true,"href":"https:\/\/diariodominicano.com\/index.php?rest_route=%2Fwp%2Fv2%2Fcomments&post=312648"}],"version-history":[{"count":1,"href":"https:\/\/diariodominicano.com\/index.php?rest_route=\/wp\/v2\/posts\/312648\/revisions"}],"predecessor-version":[{"id":312653,"href":"https:\/\/diariodominicano.com\/index.php?rest_route=\/wp\/v2\/posts\/312648\/revisions\/312653"}],"wp:featuredmedia":[{"embeddable":true,"href":"https:\/\/diariodominicano.com\/index.php?rest_route=\/wp\/v2\/media\/312651"}],"wp:attachment":[{"href":"https:\/\/diariodominicano.com\/index.php?rest_route=%2Fwp%2Fv2%2Fmedia&parent=312648"}],"wp:term":[{"taxonomy":"category","embeddable":true,"href":"https:\/\/diariodominicano.com\/index.php?rest_route=%2Fwp%2Fv2%2Fcategories&post=312648"},{"taxonomy":"post_tag","embeddable":true,"href":"https:\/\/diariodominicano.com\/index.php?rest_route=%2Fwp%2Fv2%2Ftags&post=312648"}],"curies":[{"name":"wp","href":"https:\/\/api.w.org\/{rel}","templated":true}]}}