{"id":312625,"date":"2021-11-30T22:23:31","date_gmt":"2021-12-01T02:23:31","guid":{"rendered":"http:\/\/diariodominicano.com\/?p=312625"},"modified":"2021-11-30T22:23:31","modified_gmt":"2021-12-01T02:23:31","slug":"variante-omicron-pone-en-duda-flexibilizacion-de-uso-de-mascarilla-en-sao-paulo-brasil","status":"publish","type":"post","link":"https:\/\/diariodominicano.com\/?p=312625","title":{"rendered":"Variante \u00f3micron pone en duda flexibilizaci\u00f3n de uso de mascarilla en Sao Paulo, Brasil"},"content":{"rendered":"\n<p>diariodominicano.com<a rel=\"noreferrer noopener\" href=\"https:\/\/www.xinhua-news.com\/gdsdetailxhs\/share\/10671260-?pageflag=iframe\" target=\"_blank\"><\/a><\/p>\n\n\n\n<pre id=\"text-news-description\" class=\"wp-block-preformatted\">   SAO PAULO, 30 nov (Xinhua) -- El Gobierno del estado de Sao Paulo (sureste), el m\u00e1s poblado de Brasil y el m\u00e1s afectado por la COVID-19, anunci\u00f3 este martes que revisar\u00e1 su pol\u00edtica de flexibilizaci\u00f3n de uso de mascarillas, a ra\u00edz de los dos primeros casos de la variante \u00f3micron detectados en el pa\u00eds sudamericano.\n   \"Necesitamos saber el impacto de la nueva variante en la flexibilizaci\u00f3n de uso de mascarillas en espacios abiertos. Es necesario tener cautela\", dijo el gobernador de Sao Paulo, Joao Doria, en un comunicado.\n   Sao Paulo flexibliz\u00f3 todas las medidas de restricci\u00f3n y fij\u00f3 para el 11 de diciembre la fecha para retirar la obligatoriedad de uso de mascarilla en espacios al aire libre.\n   El Comit\u00e9 Cient\u00edfico del Estado deber\u00e1 revisar la medida para confirmarla o desecharla, antes que los dos personas, procedentes de Sud\u00e1frica, dieron positivo con la nueva variante de la COVID-19 de acuerdo a los ex\u00e1menes realizados por el Hospital Albert Einstein.\n   Seg\u00fan inform\u00f3 la estatal Agencia Nacional de Vigilancia Sanitaria (Anvisa), una pareja lleg\u00f3 a Brasil el pasado 23 de noviembre, llevando consigo una prueba PCR negativa, e iba a regresar al pa\u00eds africano el d\u00eda 25.\n   Sin embargo, al hacerse la prueba para poder embarcar, ambos dieron positivo, dijo la agencia, y a\u00f1adi\u00f3 que un laboratorio de Sao Paulo hizo la secuenciaci\u00f3n gen\u00e9tica de ambas muestras y confirm\u00f3 que se trataba de infecciones con la variante \u00f3micron.\n   Brasil es el segundo pa\u00eds en decesos por la COVID-19, con casi 615.000 fallecidos, y el tercer pa\u00eds en casos, con m\u00e1s de 22 millones de contagiados.<\/pre>\n","protected":false},"excerpt":{"rendered":"<p>diariodominicano.com SAO PAULO, 30 nov (Xinhua) &#8212; El Gobierno del estado de Sao Paulo (sureste), el m\u00e1s poblado de Brasil y el m\u00e1s afectado por la COVID-19, anunci\u00f3 este martes que revisar\u00e1 su pol\u00edtica de flexibilizaci\u00f3n de uso de mascarillas, a ra\u00edz de los dos primeros casos de la variante \u00f3micron detectados en el pa\u00eds [&hellip;]<\/p>\n","protected":false},"author":5,"featured_media":312628,"comment_status":"closed","ping_status":"","sticky":true,"template":"","format":"standard","meta":{"footnotes":""},"categories":[23,27],"tags":[],"class_list":["post-312625","post","type-post","status-publish","format-standard","has-post-thumbnail","hentry","category-internacional","category-portada"],"_links":{"self":[{"href":"https:\/\/diariodominicano.com\/index.php?rest_route=\/wp\/v2\/posts\/312625","targetHints":{"allow":["GET"]}}],"collection":[{"href":"https:\/\/diariodominicano.com\/index.php?rest_route=\/wp\/v2\/posts"}],"about":[{"href":"https:\/\/diariodominicano.com\/index.php?rest_route=\/wp\/v2\/types\/post"}],"author":[{"embeddable":true,"href":"https:\/\/diariodominicano.com\/index.php?rest_route=\/wp\/v2\/users\/5"}],"replies":[{"embeddable":true,"href":"https:\/\/diariodominicano.com\/index.php?rest_route=%2Fwp%2Fv2%2Fcomments&post=312625"}],"version-history":[{"count":1,"href":"https:\/\/diariodominicano.com\/index.php?rest_route=\/wp\/v2\/posts\/312625\/revisions"}],"predecessor-version":[{"id":312633,"href":"https:\/\/diariodominicano.com\/index.php?rest_route=\/wp\/v2\/posts\/312625\/revisions\/312633"}],"wp:featuredmedia":[{"embeddable":true,"href":"https:\/\/diariodominicano.com\/index.php?rest_route=\/wp\/v2\/media\/312628"}],"wp:attachment":[{"href":"https:\/\/diariodominicano.com\/index.php?rest_route=%2Fwp%2Fv2%2Fmedia&parent=312625"}],"wp:term":[{"taxonomy":"category","embeddable":true,"href":"https:\/\/diariodominicano.com\/index.php?rest_route=%2Fwp%2Fv2%2Fcategories&post=312625"},{"taxonomy":"post_tag","embeddable":true,"href":"https:\/\/diariodominicano.com\/index.php?rest_route=%2Fwp%2Fv2%2Ftags&post=312625"}],"curies":[{"name":"wp","href":"https:\/\/api.w.org\/{rel}","templated":true}]}}