{"id":312578,"date":"2021-11-30T21:02:09","date_gmt":"2021-12-01T01:02:09","guid":{"rendered":"http:\/\/diariodominicano.com\/?p=312578"},"modified":"2021-11-30T21:02:09","modified_gmt":"2021-12-01T01:02:09","slug":"sedofutbol-femenina-cerro-con-empate-la-doble-fecha-ante-trinidad-y-tobago","status":"publish","type":"post","link":"https:\/\/diariodominicano.com\/?p=312578","title":{"rendered":"Sedof\u00fatbol femenina cerr\u00f3 con empate la doble fecha ante Trinidad y Tobago"},"content":{"rendered":"\n<p><\/p>\n\n\n\n<figure class=\"wp-block-image size-large\"><img loading=\"lazy\" decoding=\"async\" width=\"1024\" height=\"682\" src=\"https:\/\/diariodominicano.com\/wp-content\/uploads\/2021\/11\/IMG_20211130_193808_641-1024x682.jpg\" alt=\"\" class=\"wp-image-312582\" srcset=\"https:\/\/diariodominicano.com\/wp-content\/uploads\/2021\/11\/IMG_20211130_193808_641-1024x682.jpg 1024w, https:\/\/diariodominicano.com\/wp-content\/uploads\/2021\/11\/IMG_20211130_193808_641-300x200.jpg 300w, https:\/\/diariodominicano.com\/wp-content\/uploads\/2021\/11\/IMG_20211130_193808_641-768x512.jpg 768w, https:\/\/diariodominicano.com\/wp-content\/uploads\/2021\/11\/IMG_20211130_193808_641-816x544.jpg 816w, https:\/\/diariodominicano.com\/wp-content\/uploads\/2021\/11\/IMG_20211130_193808_641.jpg 1280w\" sizes=\"auto, (max-width: 1024px) 100vw, 1024px\" \/><\/figure>\n\n\n\n<p><strong>SAN<\/strong> <strong>CRIST\u00d3BAL.- <\/strong>El seleccionado absoluto de Rep\u00fablica Dominicana empat\u00f3 a un gol ante Trinidad y Tobago este martes 30 de noviembre en el Estadio Panamericano de San Crist\u00f3bal, en el segundo duelo de preparaci\u00f3n entre ambos conjuntos nacionales en esta \u00faltima ventana FIFA del a\u00f1o. El pasado viernes las dominicanas derrotaron a las trinitarias en el mismo escenario.<\/p>\n\n\n\n<figure class=\"wp-block-image size-full\"><img loading=\"lazy\" decoding=\"async\" width=\"856\" height=\"573\" src=\"https:\/\/diariodominicano.com\/wp-content\/uploads\/2021\/11\/IMG_20211130_193805_390.jpg\" alt=\"\" class=\"wp-image-312583\" srcset=\"https:\/\/diariodominicano.com\/wp-content\/uploads\/2021\/11\/IMG_20211130_193805_390.jpg 856w, https:\/\/diariodominicano.com\/wp-content\/uploads\/2021\/11\/IMG_20211130_193805_390-300x201.jpg 300w, https:\/\/diariodominicano.com\/wp-content\/uploads\/2021\/11\/IMG_20211130_193805_390-768x514.jpg 768w, https:\/\/diariodominicano.com\/wp-content\/uploads\/2021\/11\/IMG_20211130_193805_390-816x546.jpg 816w\" sizes=\"auto, (max-width: 856px) 100vw, 856px\" \/><\/figure>\n\n\n\n<p>La Sedof\u00fatbol hizo una buena presentaci\u00f3n otra vez, aunque tuvo que venir de atr\u00e1s en la pizarra puesto que las trinitarias tomaron la ventaja al minuto 23\u2019 con tanto de la defensora Reha Belgrave tras una jugada de tiro de esquina.<\/p>\n\n\n\n<p>Alyssa Oviedo fue la encargada de igualar el cotejo luego de una buena jugada por la banda derecha junto a Giovanna Dionicio y Vanessa Kara, quien sirvi\u00f3 el centro para que la atacante definiera de cabeza de forma perfecta.<\/p>\n\n\n\n<figure class=\"wp-block-image size-large\"><img loading=\"lazy\" decoding=\"async\" width=\"1024\" height=\"682\" src=\"https:\/\/diariodominicano.com\/wp-content\/uploads\/2021\/11\/IMG_20211130_193812_345-1024x682.jpg\" alt=\"\" class=\"wp-image-312584\" srcset=\"https:\/\/diariodominicano.com\/wp-content\/uploads\/2021\/11\/IMG_20211130_193812_345-1024x682.jpg 1024w, https:\/\/diariodominicano.com\/wp-content\/uploads\/2021\/11\/IMG_20211130_193812_345-300x200.jpg 300w, https:\/\/diariodominicano.com\/wp-content\/uploads\/2021\/11\/IMG_20211130_193812_345-768x512.jpg 768w, https:\/\/diariodominicano.com\/wp-content\/uploads\/2021\/11\/IMG_20211130_193812_345-816x544.jpg 816w, https:\/\/diariodominicano.com\/wp-content\/uploads\/2021\/11\/IMG_20211130_193812_345.jpg 1280w\" sizes=\"auto, (max-width: 1024px) 100vw, 1024px\" \/><\/figure>\n\n\n\n<p>De esta manera la selecci\u00f3n de mayores cierra el a\u00f1o con ocho partidos en los que coleccion\u00f3 dos triunfos, tres empates y tres victorias en lo que ha sido la mayor cantidad de partidos disputados por el combinado nacional en su historia.<\/p>\n\n\n\n<figure class=\"wp-block-image size-large\"><img loading=\"lazy\" decoding=\"async\" width=\"1024\" height=\"682\" src=\"https:\/\/diariodominicano.com\/wp-content\/uploads\/2021\/11\/IMG_20211130_193815_366-1024x682.jpg\" alt=\"\" class=\"wp-image-312585\" srcset=\"https:\/\/diariodominicano.com\/wp-content\/uploads\/2021\/11\/IMG_20211130_193815_366-1024x682.jpg 1024w, https:\/\/diariodominicano.com\/wp-content\/uploads\/2021\/11\/IMG_20211130_193815_366-300x200.jpg 300w, https:\/\/diariodominicano.com\/wp-content\/uploads\/2021\/11\/IMG_20211130_193815_366-768x512.jpg 768w, https:\/\/diariodominicano.com\/wp-content\/uploads\/2021\/11\/IMG_20211130_193815_366-816x544.jpg 816w, https:\/\/diariodominicano.com\/wp-content\/uploads\/2021\/11\/IMG_20211130_193815_366.jpg 1280w\" sizes=\"auto, (max-width: 1024px) 100vw, 1024px\" \/><\/figure>\n\n\n\n<p>Las chicas comenzar\u00e1n su ruta hacia el Mundial FIFA Femenino de Australia y Nueva Zelanda el 16 de febrero de 2022 cuando reciban a Granada.<\/p>\n\n\n\n<figure class=\"wp-block-image size-large\"><img loading=\"lazy\" decoding=\"async\" width=\"1024\" height=\"682\" src=\"https:\/\/diariodominicano.com\/wp-content\/uploads\/2021\/11\/IMG_20211130_193821_226-1024x682.jpg\" alt=\"\" class=\"wp-image-312586\" srcset=\"https:\/\/diariodominicano.com\/wp-content\/uploads\/2021\/11\/IMG_20211130_193821_226-1024x682.jpg 1024w, https:\/\/diariodominicano.com\/wp-content\/uploads\/2021\/11\/IMG_20211130_193821_226-300x200.jpg 300w, https:\/\/diariodominicano.com\/wp-content\/uploads\/2021\/11\/IMG_20211130_193821_226-768x512.jpg 768w, https:\/\/diariodominicano.com\/wp-content\/uploads\/2021\/11\/IMG_20211130_193821_226-816x544.jpg 816w, https:\/\/diariodominicano.com\/wp-content\/uploads\/2021\/11\/IMG_20211130_193821_226.jpg 1280w\" sizes=\"auto, (max-width: 1024px) 100vw, 1024px\" \/><\/figure>\n\n\n\n<p><strong>Fedofutbol Prensa<\/strong>\u00a0&lt;fedofutbolprensa2019@gmail.com><\/p>\n\n\n\n<p>PRENSA FEDOFUTBOL&nbsp;<\/p>\n","protected":false},"excerpt":{"rendered":"<p>SAN CRIST\u00d3BAL.- El seleccionado absoluto de Rep\u00fablica Dominicana empat\u00f3 a un gol ante Trinidad y Tobago este martes 30 de noviembre en el Estadio Panamericano de San Crist\u00f3bal, en el segundo duelo de preparaci\u00f3n entre ambos conjuntos nacionales en esta \u00faltima ventana FIFA del a\u00f1o. El pasado viernes las dominicanas derrotaron a las trinitarias en [&hellip;]<\/p>\n","protected":false},"author":2,"featured_media":0,"comment_status":"closed","ping_status":"","sticky":true,"template":"","format":"standard","meta":{"footnotes":""},"categories":[17,27],"tags":[],"class_list":["post-312578","post","type-post","status-publish","format-standard","hentry","category-deportes","category-portada"],"_links":{"self":[{"href":"https:\/\/diariodominicano.com\/index.php?rest_route=\/wp\/v2\/posts\/312578","targetHints":{"allow":["GET"]}}],"collection":[{"href":"https:\/\/diariodominicano.com\/index.php?rest_route=\/wp\/v2\/posts"}],"about":[{"href":"https:\/\/diariodominicano.com\/index.php?rest_route=\/wp\/v2\/types\/post"}],"author":[{"embeddable":true,"href":"https:\/\/diariodominicano.com\/index.php?rest_route=\/wp\/v2\/users\/2"}],"replies":[{"embeddable":true,"href":"https:\/\/diariodominicano.com\/index.php?rest_route=%2Fwp%2Fv2%2Fcomments&post=312578"}],"version-history":[{"count":1,"href":"https:\/\/diariodominicano.com\/index.php?rest_route=\/wp\/v2\/posts\/312578\/revisions"}],"predecessor-version":[{"id":312587,"href":"https:\/\/diariodominicano.com\/index.php?rest_route=\/wp\/v2\/posts\/312578\/revisions\/312587"}],"wp:attachment":[{"href":"https:\/\/diariodominicano.com\/index.php?rest_route=%2Fwp%2Fv2%2Fmedia&parent=312578"}],"wp:term":[{"taxonomy":"category","embeddable":true,"href":"https:\/\/diariodominicano.com\/index.php?rest_route=%2Fwp%2Fv2%2Fcategories&post=312578"},{"taxonomy":"post_tag","embeddable":true,"href":"https:\/\/diariodominicano.com\/index.php?rest_route=%2Fwp%2Fv2%2Ftags&post=312578"}],"curies":[{"name":"wp","href":"https:\/\/api.w.org\/{rel}","templated":true}]}}