{"id":312574,"date":"2021-11-30T20:42:44","date_gmt":"2021-12-01T00:42:44","guid":{"rendered":"http:\/\/diariodominicano.com\/?p=312574"},"modified":"2021-11-30T20:42:44","modified_gmt":"2021-12-01T00:42:44","slug":"colombia-empieza-a-exigir-carnet-de-vacunacion-a-mayores-de-12-anos","status":"publish","type":"post","link":"https:\/\/diariodominicano.com\/?p=312574","title":{"rendered":"Colombia empieza a exigir carnet de vacunaci\u00f3n a mayores de 12 a\u00f1os"},"content":{"rendered":"\n<p>diariodominicano.com<a rel=\"noreferrer noopener\" href=\"https:\/\/www.xinhua-news.com\/gdsdetailxhs\/share\/10671145-?pageflag=iframe\" target=\"_blank\"><\/a><\/p>\n\n\n\n<pre id=\"text-news-description\" class=\"wp-block-preformatted\">   BOGOT\u00c1, 30 nov (Xinhua) -- El Ministerio de Salud y Protecci\u00f3n Social de Colombia inform\u00f3 hoy que se registraron 55 muertes durante este d\u00eda a causa de la COVID-19 y que el Gobierno empez\u00f3 a exigir el carnet de vacunaci\u00f3n contra esa enfermedad a los mayores de 12 a\u00f1os.\n   Un informe de la cartera sanitaria se\u00f1al\u00f3 que en 20 meses de pandemia se han infectado 5.069.644 ciudadanos, de ellos 4.909.572 se han recuperado y 128.528 han fallecido.\n   Los casos activos, personas enfermas o asintom\u00e1ticas, aumentaron y est\u00e1n en 13.890. Asimismo, los contagios diarios ascendieron y se reportaron durante esta jornada 2.296.\n   Inform\u00f3 adem\u00e1s que en el marco del Plan Nacional de Vacunaci\u00f3n en el pa\u00eds se han aplicado 56.705.122 dosis de las vacunas contra la COVID-19 y 24.478.676 personas ya han recibido el esquema completo de vacunaci\u00f3n.\n   Por su lado, Gerson Bermont, director de Promoci\u00f3n y Prevenci\u00f3n del Ministerio de Salud, record\u00f3 que a partir de este d\u00eda se empezar\u00e1 a exigir el carnet de vacunaci\u00f3n contra la COVID-19 a los ni\u00f1os mayores de 12 a\u00f1os.\n   \"A partir de hoy quienes tengan m\u00e1s de 12 a\u00f1os y cuenten con al menos una dosis deber\u00e1n presentar su carn\u00e9. Y a partir de 14 de diciembre se exigir\u00e1 para mayores de 18 a\u00f1os con el esquema completo\", declar\u00f3 el funcionario.\n   Bermont se\u00f1al\u00f3 que ser\u00e1 obligtorio el carnet para ingresar a conciertos, ferias restaurantes, bares, gastrobares, cines, discotecas, lugares de baile, casinos, bingos, estadios, parques de diversiones y tem\u00e1ticos o museos. <\/pre>\n","protected":false},"excerpt":{"rendered":"<p>diariodominicano.com BOGOT\u00c1, 30 nov (Xinhua) &#8212; El Ministerio de Salud y Protecci\u00f3n Social de Colombia inform\u00f3 hoy que se registraron 55 muertes durante este d\u00eda a causa de la COVID-19 y que el Gobierno empez\u00f3 a exigir el carnet de vacunaci\u00f3n contra esa enfermedad a los mayores de 12 a\u00f1os. Un informe de la cartera [&hellip;]<\/p>\n","protected":false},"author":5,"featured_media":312575,"comment_status":"closed","ping_status":"","sticky":true,"template":"","format":"standard","meta":{"footnotes":""},"categories":[23,27],"tags":[],"class_list":["post-312574","post","type-post","status-publish","format-standard","has-post-thumbnail","hentry","category-internacional","category-portada"],"_links":{"self":[{"href":"https:\/\/diariodominicano.com\/index.php?rest_route=\/wp\/v2\/posts\/312574","targetHints":{"allow":["GET"]}}],"collection":[{"href":"https:\/\/diariodominicano.com\/index.php?rest_route=\/wp\/v2\/posts"}],"about":[{"href":"https:\/\/diariodominicano.com\/index.php?rest_route=\/wp\/v2\/types\/post"}],"author":[{"embeddable":true,"href":"https:\/\/diariodominicano.com\/index.php?rest_route=\/wp\/v2\/users\/5"}],"replies":[{"embeddable":true,"href":"https:\/\/diariodominicano.com\/index.php?rest_route=%2Fwp%2Fv2%2Fcomments&post=312574"}],"version-history":[{"count":1,"href":"https:\/\/diariodominicano.com\/index.php?rest_route=\/wp\/v2\/posts\/312574\/revisions"}],"predecessor-version":[{"id":312576,"href":"https:\/\/diariodominicano.com\/index.php?rest_route=\/wp\/v2\/posts\/312574\/revisions\/312576"}],"wp:featuredmedia":[{"embeddable":true,"href":"https:\/\/diariodominicano.com\/index.php?rest_route=\/wp\/v2\/media\/312575"}],"wp:attachment":[{"href":"https:\/\/diariodominicano.com\/index.php?rest_route=%2Fwp%2Fv2%2Fmedia&parent=312574"}],"wp:term":[{"taxonomy":"category","embeddable":true,"href":"https:\/\/diariodominicano.com\/index.php?rest_route=%2Fwp%2Fv2%2Fcategories&post=312574"},{"taxonomy":"post_tag","embeddable":true,"href":"https:\/\/diariodominicano.com\/index.php?rest_route=%2Fwp%2Fv2%2Ftags&post=312574"}],"curies":[{"name":"wp","href":"https:\/\/api.w.org\/{rel}","templated":true}]}}