{"id":312558,"date":"2021-11-30T18:32:12","date_gmt":"2021-11-30T22:32:12","guid":{"rendered":"http:\/\/diariodominicano.com\/?p=312558"},"modified":"2021-11-30T18:32:12","modified_gmt":"2021-11-30T22:32:12","slug":"presidente-abinader-anuncia-ventanilla-unica-de-construccion-para-el-primer-trimestre-de-2022","status":"publish","type":"post","link":"https:\/\/diariodominicano.com\/?p=312558","title":{"rendered":"Presidente Abinader anuncia Ventanilla \u00danica de Construcci\u00f3n para el primer trimestre de 2022"},"content":{"rendered":"\n<p>diariodominicano.com<\/p>\n\n\n\n<p>Santo Domingo, R. D., 30 de noviembre, 2021.- El presidente Luis Abinader anunci\u00f3 que para el primer trimestre del pr\u00f3ximo a\u00f1o estar\u00e1 en operaci\u00f3n la Ventanilla \u00danica de Construcci\u00f3n a trav\u00e9s del Ministerio de la Vivienda, H\u00e1bitat y Edificaciones, lo que permitir\u00e1 que proyectos no complejos tengan todos los permisos en 60 d\u00edas y los m\u00e1s complejos en 120 d\u00edas.<\/p>\n\n\n\n<p>Igualmente, el gobernante expres\u00f3 el inter\u00e9s en dar seguimiento a una propuesta de ley de alquileres, que permita promover la inversi\u00f3n en viviendas dignas para estos fines.<\/p>\n\n\n\n<p>Subray\u00f3&nbsp;el aprovechamiento de esta modalidad de vivienda por parte, principalmente, de los m\u00e1s j\u00f3venes o aquellas familias que a\u00fan no cuentan con una vivienda propia.<\/p>\n\n\n\n<p>Al expresar que el sector vivienda es el l\u00edder de la recuperaci\u00f3n econ\u00f3mica de la Rep\u00fablica Dominicana, el Presidente Abinader asegur\u00f3 que el pa\u00eds tiene la capacidad de dotar a la poblaci\u00f3n en general de buenos proyectos habitacionales que permitan mitigar y disminuir el d\u00e9ficit existente.<\/p>\n\n\n\n<p>\u201cQuiero que ustedes junto a nosotros seamos auditores y supervisores demandando que podamos cumplir con esos l\u00edmites de tiempo que son fundamentales para el desarrollo de la vivienda\u201d, sostuvo.<\/p>\n\n\n\n<p>Comunic\u00f3, adem\u00e1s, que con el proyecto Burocracia Cero Gobierno Eficiente todos los permisos y procesos de construcci\u00f3n ser\u00e1n eficientizados, y se ha dado como fecha l\u00edmite el mes de noviembre de 2022 para que en todas las otras \u00e1reas del&nbsp;Gobierno&nbsp;puedan facilitarse los procesos, garantizando as\u00ed la transparencia.<\/p>\n\n\n\n<p>El mandatario resalt\u00f3 que como parte del proceso de titulaci\u00f3n a final de diciembre de este a\u00f1o, abarcando desde su llegada al Gobierno, se entregar\u00e1n unos 35 mil&nbsp;&nbsp;t\u00edtulos de propiedad, que constituye aproximadamente el 90 por ciento de las entregas que se hicieron en administraciones anteriores.<\/p>\n\n\n\n<p>\u201cEl pr\u00f3ximo a\u00f1o tenemos proyectado entregar unos 100 mil t\u00edtulos. Eso es un hecho trascendental para hacer de la Rep\u00fablica&nbsp;Dominicana&nbsp;una sociedad de propietarios que aprendan a respetar la propiedad privada, pero que al mismo tiempo, esos nuevos due\u00f1os de propiedad tambi\u00e9n puedan construir su vivienda con seguridad jur\u00eddica y con un financiamiento apropiado\u201d, destac\u00f3.<\/p>\n\n\n\n<p>El jefe de&nbsp; Estado habl\u00f3 en el acto de la s\u00e9ptima edici\u00f3n de la Mesa de la Vivienda de la Asociaci\u00f3n Dominicana de Constructores y Promotores de Viviendas (ACOPROVI).<\/p>\n\n\n\n<p>En el acto, la directiva de ACOPROVI entreg\u00f3 una placa de reconocimiento al presidente Abinader por sus aportes al sector vivienda.<\/p>\n\n\n\n<p>Durante su intervenci\u00f3n en el acto, el presidente de ACOPROVI, Jorge Montalvo, valor\u00f3 los aportes del gobierno encabezado por el presidente Abinader al sector de la construcci\u00f3n.<\/p>\n\n\n\n<p>Resalt\u00f3 que desde que asumi\u00f3 el poder, el mandatario ha sabido valora la importancia de ese sector y ha tomado medidas concretas en beneficio de quienes intervienen en la industria de la construcci\u00f3n y de la poblaci\u00f3n.<\/p>\n\n\n\n<p>Por su parte, el mandatario de la naci\u00f3n dijo que los sectores de la construcci\u00f3n de viviendas cuentan con su respaldo como presidente de la Rep\u00fablica, y del Estado en las acciones que emprenden.<\/p>\n\n\n\n<p>\u201cHice un compromiso con el pueblo dominicano de que sus demandas en materia de vivienda ser\u00edan atendidas, y estamos cumpliendo con ello\u201d, puntualiz\u00f3.<\/p>\n\n\n\n<p>Puso como ejemplo la creaci\u00f3n del Ministerio de la Vivienda, H\u00e1bitat y Edificaciones, mediante la Ley 160-21.&nbsp;<\/p>\n\n\n\n<p>Se trata, explic\u00f3, de una gran apuesta con cuya materializaci\u00f3n van a construir todos juntos el futuro del&nbsp; pa\u00eds, y en la que establecer\u00e1n muy claramente las pol\u00edticas p\u00fablicas en materia de vivienda; los principios, programas, planificaci\u00f3n y estrategias para lograr nuestros fines.<\/p>\n\n\n\n<p>Igualmente, la protecci\u00f3n del h\u00e1bitat, la promoci\u00f3n de asentamientos humanos dignos, la construcci\u00f3n de edificaciones del Estado dominicano, y los equipamientos que resulten necesarios para el inter\u00e9s general de la Naci\u00f3n.<\/p>\n\n\n\n<p>\u201cCelebro con ustedes, por tanto, la creaci\u00f3n del Ministerio de Vivienda, H\u00e1bitat y Edificaciones con el que nos hab\u00edamos comprometido desde antes de asumir el poder. Y de igual manera, la promulgaci\u00f3n de la Ley de Vivienda\u201d, manifest\u00f3 el mandatario.&nbsp;<\/p>\n\n\n\n<p><strong>Familia Feliz<\/strong><\/p>\n\n\n\n<p>El presidente Abinader destac\u00f3 que el Plan Nacional de Vivienda Familia Feliz est\u00e1 dando sus frutos, pues han entregado bonos a cientos de familias para la adquisici\u00f3n de su primera vivienda.<\/p>\n\n\n\n<p>\u201cY seguiremos trabajando en esa l\u00ednea en la que damos dignidad a las familias dominicanas provey\u00e9ndoles de un hogar digno y de una vivienda en la que puedan realizar sus sue\u00f1os\u201d, agreg\u00f3.<\/p>\n\n\n\n<p>Dijo que dan buenos pasos en la transparencia y en la iniciativa Burocracia Cero que promueve la competitividad de todos los sectores productivos, con procesos \u00e1giles y r\u00e1pidos en permisos, construcci\u00f3n, titulaci\u00f3n e inscripci\u00f3n de hipotecas.<\/p>\n\n\n\n<p>De esa manera, a\u00f1adi\u00f3, impacta de forma significativa al sector de la vivienda y los proyectos que desarrolla.&nbsp;<\/p>\n\n\n\n<p>Ordenamiento territorial<\/p>\n\n\n\n<p>El presidente Abinader reconoci\u00f3 el inter\u00e9s del sector&nbsp; vivienda en que se impulse la aprobaci\u00f3n de la ley de Ordenamiento Territorial, que regule y promueva reglas claras en la gesti\u00f3n del territorio, que incluya ciudades compactas y una vinculaci\u00f3n m\u00e1s directa con el ciudadano.<\/p>\n\n\n\n<p>\u201cY tengo que decir al respecto que ese es tambi\u00e9n uno de nuestros compromisos: lograr un pa\u00eds con ciudades m\u00e1s organizadas, donde la distribuci\u00f3n de las construcciones se haga en zonas adecuadas\u201d, se\u00f1al\u00f3.<\/p>\n\n\n\n<p>Se refiri\u00f3 a proyectos que cuenten con todos los servicios y con acceso a rutas de transportes y comunicaci\u00f3n que permitan el buen desarrollo de los que en ellos viven.&nbsp;<\/p>\n\n\n\n<p>Exhort\u00f3 a trabajar para encontrar las mejores soluciones que nos brinden ciudades m\u00e1s seguras, viviendas dignas en lugares adecuados y accesibles, y que sean mucho m\u00e1s amigables con el medio ambiente.<\/p>\n\n\n\n<p><strong>Foro de soluciones<\/strong><\/p>\n\n\n\n<p>El presidente felicit\u00f3 por la realizaci\u00f3n de este foro&nbsp;que trata sobre la integraci\u00f3n adecuada y efectiva de los distintos sectores que participan en el dise\u00f1o de soluciones habitacionales, la superaci\u00f3n de los diferentes obst\u00e1culos que experimenta el sector de la construcci\u00f3n y los sectores productivos con los que \u00e9ste trabaja conjuntamente.<\/p>\n\n\n\n<p>\u201cEste es un gran espacio que desde el Gobierno de la Rep\u00fablica estamos muy interesados en promocionar, fortalecer y crear las condiciones necesarias para su crecimiento, gracias tambi\u00e9n a la participaci\u00f3n de los constructores, promotores, proveedores y entidades financieras\u201d, indic\u00f3 Abinader, al referirse a los esfuerzos realizados.<\/p>\n\n\n\n<p><strong>Respaldo del Gobierno al sector vivienda<\/strong><\/p>\n\n\n\n<p>El presidente de ACOPROVI, Jorge Montalvo, expres\u00f3 que el Gobierno est\u00e1 dando al sector vivienda la importancia que merece, entendiendo la incidencia que tiene en el desarrollo econ\u00f3mico y social de las&nbsp;familias&nbsp;y del pa\u00eds.<\/p>\n\n\n\n<p>Para Montalvo, la promulgaci\u00f3n de la Ley de Vivienda, tras m\u00e1s de 20 a\u00f1os apoyando su creaci\u00f3n, representa un hito hist\u00f3rico para el sector y es muestra del compromiso del Estado en su rol de facilitador.<\/p>\n\n\n\n<p>Afirm\u00f3 que gracias a esta Ley se logr\u00f3 la conformaci\u00f3n del MIVHED, el cual ser\u00e1 decisivo para trazar pol\u00edticas p\u00fablicas en materia de vivienda que puedan enfrentar de manera firme y decidida el d\u00e9ficit habitacional que ha afectado al pa\u00eds por d\u00e9cadas.<\/p>\n\n\n\n<p>De su lado, el ministro de Viviendas H\u00e1bitat y Edificaciones, Carlos Bonilla, comunic\u00f3 que en agosto de este a\u00f1o entregaron el mapa de salud y la red de traumas y proyectan que para julio de 2022, en procura de reducir el d\u00e9ficit, tendr\u00e1n listo el Plan Decenal de Viviendas.<\/p>\n\n\n\n<p>Asegur\u00f3 que para hacer m\u00e1s eficientes los servicios y garantizar ahorro de tiempo, lo cual se est\u00e1 gestionando para que instituciones como INAPA, Medio Ambiente y la CAASD,&nbsp;&nbsp;tengan presencia en el Ministerio de la Vivienda para que los expedientes de los proyectos vayan a un solo lugar y cumplir as\u00ed con la Ventanilla \u00danica.<\/p>\n\n\n\n<p>En tanto, el viceministro de Proyectos de Inversi\u00f3n, Camel Curi, expuso que con el auspicio del presidente Abinader y producto de consultas con los sectores realizadas previamente con la asesor\u00eda del Banco Mundial se inici\u00f3 el Plan Nacional de Vivienda Familia Feliz, el m\u00e1s importante subsidio jam\u00e1s impulsado desde el Estado dominicano.<\/p>\n\n\n\n<p>Asimismo, el viceministro de Desarrollo Social del Ministerio de la Presidencia, Jaime Oscar Gonz\u00e1lez, hizo una presentaci\u00f3n del Plan Nacional de Vivienda Familia Feliz y resalt\u00f3 que durante los 7 meses que lleva el proyecto se han inscrito 298 mil 450 familias.<\/p>\n\n\n\n<p>Acompa\u00f1aron al mandatario el presidente del Senado, Eduardo Estrella; el gobernador del Banco Central, H\u00e9ctor Valdez Albizu; el ministro de Medio Ambiente, Orlando Jorge Mera; el director general de Aduanas, Eduardo Sanz Lovat\u00f3n; el director de Proconsumidor, Eddy Alc\u00e1ntara y el viceministro de Desarrollo Social de la\u00a0 Presidencia, Jaime Gonz\u00e1lez.<\/p>\n\n\n\n<p>Fuente: Direcci\u00f3n de Estrategia y Comunicaci\u00f3n Gubernamental<\/p>\n\n\n\n<p>Ministerio Administrativo de la Presidencia de la Rep\u00fablica Dominicana<\/p>\n","protected":false},"excerpt":{"rendered":"<p>diariodominicano.com Santo Domingo, R. D., 30 de noviembre, 2021.- El presidente Luis Abinader anunci\u00f3 que para el primer trimestre del pr\u00f3ximo a\u00f1o estar\u00e1 en operaci\u00f3n la Ventanilla \u00danica de Construcci\u00f3n a trav\u00e9s del Ministerio de la Vivienda, H\u00e1bitat y Edificaciones, lo que permitir\u00e1 que proyectos no complejos tengan todos los permisos en 60 d\u00edas y [&hellip;]<\/p>\n","protected":false},"author":5,"featured_media":312559,"comment_status":"closed","ping_status":"","sticky":true,"template":"","format":"standard","meta":{"footnotes":""},"categories":[20,27],"tags":[],"class_list":["post-312558","post","type-post","status-publish","format-standard","has-post-thumbnail","hentry","category-dominicana-hoy","category-portada"],"_links":{"self":[{"href":"https:\/\/diariodominicano.com\/index.php?rest_route=\/wp\/v2\/posts\/312558","targetHints":{"allow":["GET"]}}],"collection":[{"href":"https:\/\/diariodominicano.com\/index.php?rest_route=\/wp\/v2\/posts"}],"about":[{"href":"https:\/\/diariodominicano.com\/index.php?rest_route=\/wp\/v2\/types\/post"}],"author":[{"embeddable":true,"href":"https:\/\/diariodominicano.com\/index.php?rest_route=\/wp\/v2\/users\/5"}],"replies":[{"embeddable":true,"href":"https:\/\/diariodominicano.com\/index.php?rest_route=%2Fwp%2Fv2%2Fcomments&post=312558"}],"version-history":[{"count":1,"href":"https:\/\/diariodominicano.com\/index.php?rest_route=\/wp\/v2\/posts\/312558\/revisions"}],"predecessor-version":[{"id":312560,"href":"https:\/\/diariodominicano.com\/index.php?rest_route=\/wp\/v2\/posts\/312558\/revisions\/312560"}],"wp:featuredmedia":[{"embeddable":true,"href":"https:\/\/diariodominicano.com\/index.php?rest_route=\/wp\/v2\/media\/312559"}],"wp:attachment":[{"href":"https:\/\/diariodominicano.com\/index.php?rest_route=%2Fwp%2Fv2%2Fmedia&parent=312558"}],"wp:term":[{"taxonomy":"category","embeddable":true,"href":"https:\/\/diariodominicano.com\/index.php?rest_route=%2Fwp%2Fv2%2Fcategories&post=312558"},{"taxonomy":"post_tag","embeddable":true,"href":"https:\/\/diariodominicano.com\/index.php?rest_route=%2Fwp%2Fv2%2Ftags&post=312558"}],"curies":[{"name":"wp","href":"https:\/\/api.w.org\/{rel}","templated":true}]}}