{"id":312551,"date":"2021-11-30T18:14:32","date_gmt":"2021-11-30T22:14:32","guid":{"rendered":"http:\/\/diariodominicano.com\/?p=312551"},"modified":"2021-11-30T18:14:32","modified_gmt":"2021-11-30T22:14:32","slug":"mirex-entregara-este-jueves-2-de-diciembre-el-premio-al-emigrante-dominicano","status":"publish","type":"post","link":"https:\/\/diariodominicano.com\/?p=312551","title":{"rendered":"MIREX entregar\u00e1 este jueves 2 de diciembre el Premio al Emigrante Dominicano"},"content":{"rendered":"\n<p>diariodominicano.com<\/p>\n\n\n\n<p>Santo Domingo, R. D.,  30 de noviembre, 2021.- El Ministerio de Relaciones Exteriores (MIREX) celebrar\u00e1 este jueves el acto de entrega del Premio al Emigrante Dominicano Sr. Oscar de la Renta, en el que se reconocer\u00e1 a diez connacionales dominicanos destacados en el exterior por su trayectoria e impacto social en el pa\u00eds de residencia y que ha mantenido el v\u00ednculo con la Rep\u00fablica Dominicana.<\/p>\n\n\n\n<p>Tras la convocatoria de la premiaci\u00f3n en el mes de julio, 75 dominicanos residentes en el exterior fueron postulados para el premio. Dichas candidaturas fueron evaluadas por la Comisi\u00f3n Permanente y Jurado del premio, presidido por Jos\u00e9 Luis (Pep\u00edn) Corripio, presidente del Grupo Corripio, e integrado por Eliza Bolen, vicepresidenta ejecutiva de Oscar de la Renta; Hayd\u00e9e Rainieri, vicepresidenta de Grupo Puntacana; Pablo Asencio, director interino del Instituto para las Dominicanas y Dominicanos en el Exterior (INDEX), y Mar\u00eda Alejandra Castillo, directora de Diplomacia Especializada del MIREX. De la selecci\u00f3n efectuada resultaron los diez actuales nominados.<\/p>\n\n\n\n<p>La directora de Diplomacia Especializada del MIREX y organizadora del evento, Mar\u00eda Alejandra Castillo, destac\u00f3 el compromiso del Gobierno dominicano con proyectar la buena imagen de aquellos criollos que fomentan los valores de la dominicanidad y que sirven de ejemplo de superaci\u00f3n para sus conciudadanos. Por igual, resalt\u00f3 que dicho reconocimiento forma parte del trabajo que se realiza desde el INDEX, con la finalidad de implementar el primer eje de la pol\u00edtica exterior del Gobierno, consistente en proteger a las dominicanas y los dominicanos donde quiera que se encuentren.<\/p>\n\n\n\n<p>La premiaci\u00f3n tendr\u00e1 lugar en la sala Carlos Piantini del Teatro Nacional, donde el presidente Luis Abinader y el canciller Roberto \u00c1lvarez har\u00e1n entrega del galard\u00f3n al ganador o la ganadora.<\/p>\n\n\n\n<p>Esta tercera edici\u00f3n cuenta con el patrocinio de Banreservas, Grupo Senci\u00f3n, Fundaci\u00f3n Corripio, Grupo Puntacana, Propagas, Consorcio Energ\u00e9tico Punta Cana Macao (CEPM), ENERGAS, Mart\u00ed, Claro Dominicana, Grupo Viamar, La Aurora, Centro Le\u00f3n, Plaza Lama, AES Dominicana y Grupo Rizek.<\/p>\n\n\n\n<p>Fuente: Direcci\u00f3n de Estrategia y Comunicaci\u00f3n Gubernamental<\/p>\n\n\n\n<p>Ministerio Administrativo de la Presidencia de la Rep\u00fablica Dominicana<\/p>\n","protected":false},"excerpt":{"rendered":"<p>diariodominicano.com Santo Domingo, R. D., 30 de noviembre, 2021.- El Ministerio de Relaciones Exteriores (MIREX) celebrar\u00e1 este jueves el acto de entrega del Premio al Emigrante Dominicano Sr. Oscar de la Renta, en el que se reconocer\u00e1 a diez connacionales dominicanos destacados en el exterior por su trayectoria e impacto social en el pa\u00eds de [&hellip;]<\/p>\n","protected":false},"author":5,"featured_media":312552,"comment_status":"closed","ping_status":"","sticky":true,"template":"","format":"standard","meta":{"footnotes":""},"categories":[20,27],"tags":[],"class_list":["post-312551","post","type-post","status-publish","format-standard","has-post-thumbnail","hentry","category-dominicana-hoy","category-portada"],"_links":{"self":[{"href":"https:\/\/diariodominicano.com\/index.php?rest_route=\/wp\/v2\/posts\/312551","targetHints":{"allow":["GET"]}}],"collection":[{"href":"https:\/\/diariodominicano.com\/index.php?rest_route=\/wp\/v2\/posts"}],"about":[{"href":"https:\/\/diariodominicano.com\/index.php?rest_route=\/wp\/v2\/types\/post"}],"author":[{"embeddable":true,"href":"https:\/\/diariodominicano.com\/index.php?rest_route=\/wp\/v2\/users\/5"}],"replies":[{"embeddable":true,"href":"https:\/\/diariodominicano.com\/index.php?rest_route=%2Fwp%2Fv2%2Fcomments&post=312551"}],"version-history":[{"count":1,"href":"https:\/\/diariodominicano.com\/index.php?rest_route=\/wp\/v2\/posts\/312551\/revisions"}],"predecessor-version":[{"id":312553,"href":"https:\/\/diariodominicano.com\/index.php?rest_route=\/wp\/v2\/posts\/312551\/revisions\/312553"}],"wp:featuredmedia":[{"embeddable":true,"href":"https:\/\/diariodominicano.com\/index.php?rest_route=\/wp\/v2\/media\/312552"}],"wp:attachment":[{"href":"https:\/\/diariodominicano.com\/index.php?rest_route=%2Fwp%2Fv2%2Fmedia&parent=312551"}],"wp:term":[{"taxonomy":"category","embeddable":true,"href":"https:\/\/diariodominicano.com\/index.php?rest_route=%2Fwp%2Fv2%2Fcategories&post=312551"},{"taxonomy":"post_tag","embeddable":true,"href":"https:\/\/diariodominicano.com\/index.php?rest_route=%2Fwp%2Fv2%2Ftags&post=312551"}],"curies":[{"name":"wp","href":"https:\/\/api.w.org\/{rel}","templated":true}]}}