{"id":312545,"date":"2021-11-30T18:03:41","date_gmt":"2021-11-30T22:03:41","guid":{"rendered":"http:\/\/diariodominicano.com\/?p=312545"},"modified":"2021-11-30T22:22:28","modified_gmt":"2021-12-01T02:22:28","slug":"alemania-disputara-semifinales-de-la-copa-davis-de-tenis","status":"publish","type":"post","link":"https:\/\/diariodominicano.com\/?p=312545","title":{"rendered":"Alemania disputar\u00e1 semifinales de la Copa Davis de tenis"},"content":{"rendered":"\n<p>Innsbruck, Austria, 30 nov (Prensa Latina) Alemania clasific\u00f3 hoy aqu\u00ed para las semifinales de la Copa Davis de tenis, al batir 2-1 a Reino Unido en los cuartos de final.Share on facebook&nbsp;Share on twitter&nbsp;Share on whatsapp&nbsp;Share on telegram&nbsp;Share on email<\/p>\n\n\n\n<ul class=\"wp-block-list\"><li>noviembre 30, 2021<\/li><li>CST16:49 (GMT) -0500<\/li><\/ul>\n\n\n\n<p>El punto decisivo lo consigui\u00f3 el d\u00fao de Kevin Krawietz, n\u00famero 14 del ranking profesional de dobles, y Tim Puetz (18), ganadora del binomio integrada por Joe Salisbury y Neal Skupski con parciales de 7-6 (12\/10) y 7-6 (7\/5), en dos horas y dos minutos de juego.<\/p>\n\n\n\n<p>La dupla germana protagoniz\u00f3 una gran remontada en el \u00faltimo \u00abtie break\u00bb, despu\u00e9s de arrancar abajo por 0-5 y anotaron siete puntos seguidos para darle vuelta al resultado y conseguir la victoria.<\/p>\n\n\n\n<p>En el partido inicial del duelo, el brit\u00e1nico Daniel Evans super\u00f3 a Peter Gojowczyk por 6-2 y 6-1 en solo 55 minutos, poro Jan-Lennard Struff venci\u00f3 a Cameron Norris con parciales de 6-7, 6-3 y 2-6 para igualar a uno el match.<\/p>\n\n\n\n<p>Alemania enfrentar\u00e1 en las semifinales de Madrid al vencedor de la eliminatoria de cuartos de final entre Rusia y Suecia.<\/p>\n\n\n\n<p>La otra semifinal la disputar\u00e1 Croacia, ya clasificada, contra el ganador del compromiso entre Serbia y Kazajst\u00e1n.<\/p>\n\n\n\n<p>jha\/am<\/p>\n\n\n\n<ul class=\"wp-block-list\"><li>#<a href=\"https:\/\/www.prensa-latina.cu\/tags\/alemaniadavis\">AlemaniaDavis<\/a>&nbsp;#<a href=\"https:\/\/www.prensa-latina.cu\/tags\/semifinales\">semifinales<\/a><\/li><\/ul>\n","protected":false},"excerpt":{"rendered":"<p>Innsbruck, Austria, 30 nov (Prensa Latina) Alemania clasific\u00f3 hoy aqu\u00ed para las semifinales de la Copa Davis de tenis, al batir 2-1 a Reino Unido en los cuartos de final.Share on facebook&nbsp;Share on twitter&nbsp;Share on whatsapp&nbsp;Share on telegram&nbsp;Share on email noviembre 30, 2021 CST16:49 (GMT) -0500 El punto decisivo lo consigui\u00f3 el d\u00fao de Kevin [&hellip;]<\/p>\n","protected":false},"author":2,"featured_media":0,"comment_status":"closed","ping_status":"","sticky":false,"template":"","format":"standard","meta":{"footnotes":""},"categories":[17],"tags":[],"class_list":["post-312545","post","type-post","status-publish","format-standard","hentry","category-deportes"],"_links":{"self":[{"href":"https:\/\/diariodominicano.com\/index.php?rest_route=\/wp\/v2\/posts\/312545","targetHints":{"allow":["GET"]}}],"collection":[{"href":"https:\/\/diariodominicano.com\/index.php?rest_route=\/wp\/v2\/posts"}],"about":[{"href":"https:\/\/diariodominicano.com\/index.php?rest_route=\/wp\/v2\/types\/post"}],"author":[{"embeddable":true,"href":"https:\/\/diariodominicano.com\/index.php?rest_route=\/wp\/v2\/users\/2"}],"replies":[{"embeddable":true,"href":"https:\/\/diariodominicano.com\/index.php?rest_route=%2Fwp%2Fv2%2Fcomments&post=312545"}],"version-history":[{"count":3,"href":"https:\/\/diariodominicano.com\/index.php?rest_route=\/wp\/v2\/posts\/312545\/revisions"}],"predecessor-version":[{"id":312632,"href":"https:\/\/diariodominicano.com\/index.php?rest_route=\/wp\/v2\/posts\/312545\/revisions\/312632"}],"wp:attachment":[{"href":"https:\/\/diariodominicano.com\/index.php?rest_route=%2Fwp%2Fv2%2Fmedia&parent=312545"}],"wp:term":[{"taxonomy":"category","embeddable":true,"href":"https:\/\/diariodominicano.com\/index.php?rest_route=%2Fwp%2Fv2%2Fcategories&post=312545"},{"taxonomy":"post_tag","embeddable":true,"href":"https:\/\/diariodominicano.com\/index.php?rest_route=%2Fwp%2Fv2%2Ftags&post=312545"}],"curies":[{"name":"wp","href":"https:\/\/api.w.org\/{rel}","templated":true}]}}